{"id":32971,"date":"2024-06-14T19:46:25","date_gmt":"2024-06-14T19:46:25","guid":{"rendered":"https:\/\/blogdorogeriogomes.com.br\/noticias\/?p=32971"},"modified":"2024-06-14T19:46:25","modified_gmt":"2024-06-14T19:46:25","slug":"na-cupula-do-g7-na-italia-lula-se-encontra-com-papa-francisco-macron-joe-biden-e-outros-lideres-mundiais","status":"publish","type":"post","link":"https:\/\/blogdorogeriogomes.com.br\/noticias\/2024\/06\/na-cupula-do-g7-na-italia-lula-se-encontra-com-papa-francisco-macron-joe-biden-e-outros-lideres-mundiais\/","title":{"rendered":"Na c\u00fapula do G7 na It\u00e1lia, Lula se encontra com papa Francisco, Macron, Joe Biden e outros l\u00edderes mundiais"},"content":{"rendered":"\n<p>O presidente brasileiro Luiz In\u00e1cio Lula da Silva teve nesta sexta-feira, dia 14 de junho, uma s\u00e9rie de encontros com outros chefes de Estado, durante sua visita \u00e0 It\u00e1lia para participar como convidado da c\u00fapula do G7. Lula, acompanhado da primeira-dama, Ros\u00e2ngela Lula da Silva, tamb\u00e9m teve um encontro com o papa Francisco.<\/p>\n\n\n\n<p>Lula teve conversa bilateral entre Lula e o presidente da Fran\u00e7a, Emmanuel Macron. No evento, o petista tamb\u00e9m encontrou o presidente dos Estados Unidos, Joe Biden, e o primeiro-ministro do Canad\u00e1, Justin Trudeau.\u00a0<\/p>\n\n\n\n<p>A c\u00fapula do G7 vai at\u00e9 este s\u00e1bado, dia 15, em Borgo Egnazia, na regi\u00e3o da Puglia, no sul da It\u00e1lia. A sess\u00e3o de trabalho come\u00e7ou com os discursos da primeira-ministra italiana, Giorgia Meloni, e do papa.\u00a0<\/p>\n\n\n\n<figure class=\"wp-block-image size-large\"><img loading=\"lazy\" decoding=\"async\" width=\"1024\" height=\"683\" src=\"https:\/\/blogdorogeriogomes.com.br\/noticias\/wp-content\/uploads\/2024\/06\/IMG-20240614-WA0116-1024x683.jpg\" alt=\"\" class=\"wp-image-32972\" srcset=\"https:\/\/blogdorogeriogomes.com.br\/noticias\/wp-content\/uploads\/2024\/06\/IMG-20240614-WA0116-1024x683.jpg 1024w, https:\/\/blogdorogeriogomes.com.br\/noticias\/wp-content\/uploads\/2024\/06\/IMG-20240614-WA0116-300x200.jpg 300w, https:\/\/blogdorogeriogomes.com.br\/noticias\/wp-content\/uploads\/2024\/06\/IMG-20240614-WA0116-768x512.jpg 768w, https:\/\/blogdorogeriogomes.com.br\/noticias\/wp-content\/uploads\/2024\/06\/IMG-20240614-WA0116-800x534.jpg 800w, https:\/\/blogdorogeriogomes.com.br\/noticias\/wp-content\/uploads\/2024\/06\/IMG-20240614-WA0116.jpg 1079w\" sizes=\"auto, (max-width: 1024px) 100vw, 1024px\" \/><\/figure>\n","protected":false},"excerpt":{"rendered":"<p>O presidente brasileiro Luiz In\u00e1cio Lula da Silva teve nesta sexta-feira, dia 14 de junho, uma s\u00e9rie de encontros com outros chefes de Estado, durante sua visita \u00e0 It\u00e1lia para participar como convidado da c\u00fapula do G7. Lula, acompanhado da primeira-dama, Ros\u00e2ngela Lula da Silva, tamb\u00e9m teve um encontro com o papa Francisco. Lula teve conversa bilateral entre Lula e o presidente da Fran\u00e7a, Emmanuel Macron. No evento, o petista tamb\u00e9m encontrou o presidente dos Estados Unidos, Joe Biden,&hellip;<\/p>\n","protected":false},"author":1,"featured_media":32972,"comment_status":"open","ping_status":"open","sticky":false,"template":"","format":"standard","meta":{"footnotes":""},"categories":[1],"tags":[],"class_list":["post-32971","post","type-post","status-publish","format-standard","has-post-thumbnail","hentry","category-noticias"],"_links":{"self":[{"href":"https:\/\/blogdorogeriogomes.com.br\/noticias\/wp-json\/wp\/v2\/posts\/32971","targetHints":{"allow":["GET"]}}],"collection":[{"href":"https:\/\/blogdorogeriogomes.com.br\/noticias\/wp-json\/wp\/v2\/posts"}],"about":[{"href":"https:\/\/blogdorogeriogomes.com.br\/noticias\/wp-json\/wp\/v2\/types\/post"}],"author":[{"embeddable":true,"href":"https:\/\/blogdorogeriogomes.com.br\/noticias\/wp-json\/wp\/v2\/users\/1"}],"replies":[{"embeddable":true,"href":"https:\/\/blogdorogeriogomes.com.br\/noticias\/wp-json\/wp\/v2\/comments?post=32971"}],"version-history":[{"count":1,"href":"https:\/\/blogdorogeriogomes.com.br\/noticias\/wp-json\/wp\/v2\/posts\/32971\/revisions"}],"predecessor-version":[{"id":32973,"href":"https:\/\/blogdorogeriogomes.com.br\/noticias\/wp-json\/wp\/v2\/posts\/32971\/revisions\/32973"}],"wp:featuredmedia":[{"embeddable":true,"href":"https:\/\/blogdorogeriogomes.com.br\/noticias\/wp-json\/wp\/v2\/media\/32972"}],"wp:attachment":[{"href":"https:\/\/blogdorogeriogomes.com.br\/noticias\/wp-json\/wp\/v2\/media?parent=32971"}],"wp:term":[{"taxonomy":"category","embeddable":true,"href":"https:\/\/blogdorogeriogomes.com.br\/noticias\/wp-json\/wp\/v2\/categories?post=32971"},{"taxonomy":"post_tag","embeddable":true,"href":"https:\/\/blogdorogeriogomes.com.br\/noticias\/wp-json\/wp\/v2\/tags?post=32971"}],"curies":[{"name":"wp","href":"https:\/\/api.w.org\/{rel}","templated":true}]}}