{"id":32974,"date":"2024-06-14T21:47:34","date_gmt":"2024-06-14T21:47:34","guid":{"rendered":"https:\/\/blogdorogeriogomes.com.br\/noticias\/?p=32974"},"modified":"2024-06-14T21:47:35","modified_gmt":"2024-06-14T21:47:35","slug":"prefeitura-de-caucaia-lanca-maior-programa-habitacional-do-municipio-com-mais-de-tres-mil-lotes","status":"publish","type":"post","link":"https:\/\/blogdorogeriogomes.com.br\/noticias\/2024\/06\/prefeitura-de-caucaia-lanca-maior-programa-habitacional-do-municipio-com-mais-de-tres-mil-lotes\/","title":{"rendered":"Prefeitura de Caucaia lan\u00e7a maior programa habitacional do munic\u00edpio com mais de tr\u00eas mil lotes"},"content":{"rendered":"\n<p>O prefeito de Caucaia, Vitor Valim, anunciou, nesta sexta-feira, dia 14 de junho, o novo programa habitacional do munic\u00edpio, o Bora Habitar. A iniciativa visa a distribui\u00e7\u00e3o de mais de tr\u00eas mil lotes para o atendimento direito de moradia das fam\u00edlias de baixa renda residentes no munic\u00edpio. \u201cConforme compromisso firmado com a popula\u00e7\u00e3o, vamos destinar parte do banco de terras do munic\u00edpio a fam\u00edlias caucaienses, promovendo o cumprimento da fun\u00e7\u00e3o social dos nossos terrenos. Este programa representa um marco importante em nosso compromisso de proporcionar moradia digna e de qualidade para as fam\u00edlias de Caucaia\u201d, disse Vitor Valim.<\/p>\n\n\n\n<p>Na pr\u00e1tica, o programa ir\u00e1 doar lotes para fam\u00edlias caucaienses que n\u00e3o possuam outro im\u00f3vel e que n\u00e3o tenham sido beneficiadas em outros programas habitacionais. A coordena\u00e7\u00e3o do programa caber\u00e1 \u00e0 Secretaria Municipal de Planejamento Urbano e Ambiental (SEPLAM). Em contrapartida, as fam\u00edlias dever\u00e3o construir sua resid\u00eancia no terreno doado em at\u00e9 5 (cinco) anos.<\/p>\n\n\n\n<p>Alto do Garrote, Campo Grande, Parque Soledade, Tabapu\u00e1, Parque Albano, Jandaiguaba, Cara\u00fabas, Araturi e Lagoa do Banana est\u00e3o entre os bairros contemplados Voc\u00ea pode conferir a lista completa, com o n\u00famero de lotes previstos, e todas as informa\u00e7\u00f5es sobre o edital no Site da Prefeitura de Caucaia.<\/p>\n\n\n\n<p>A partir da pr\u00f3xima segunda-feira, dia 17, fam\u00edlias com renda bruta familiar mensal de at\u00e9 tr\u00eas sal\u00e1rios m\u00ednimos interessadas poder\u00e3o fazer sua inscri\u00e7\u00e3o no Bora Habitar. Fam\u00edlias onde a mulher \u00e9 a respons\u00e1vel pela unidade familiar; com pessoas com defici\u00eancia, idosas, crian\u00e7as ou adolescentes; em situa\u00e7\u00e3o de risco; emerg\u00eancia ou calamidade; em situa\u00e7\u00e3o de rua, entre outros, s\u00e3o o p\u00fablico-alvo do programa.<\/p>\n\n\n\n<p>As inscri\u00e7\u00f5es ser\u00e3o realizadas de forma presencial na Sede da SEPLAM, localizada na Rua Jer\u00f4nimo Amaral, n\u00ba 99 \u2013 Centro \u2013 Caucaia, onde o candidato dever\u00e1 levar a ficha de inscri\u00e7\u00e3o e declara\u00e7\u00f5es preenchidas e assinadas, bem como a documenta\u00e7\u00e3o comprobat\u00f3ria, conforme constante no edital. A documenta\u00e7\u00e3o dever\u00e1 estar dentro de um envelope opaco que ser\u00e1 lacrado no ato da inscri\u00e7\u00e3o junto a SEPLAM, ap\u00f3s registrado o n\u00famero de folhas de documentos.<\/p>\n\n\n\n<p>O RG, CPF, Comprovante de Resid\u00eancia atualizado, Comprovante atualizado de Inscri\u00e7\u00e3o no Cadastro \u00danico; Comprovante de Renda atualizado de todos os integrantes da fam\u00edlia com atividades remuneradas s\u00e3o alguns dos documentos necess\u00e1rios para a inscri\u00e7\u00e3o. Todos estes detalhes podem ser conferidos no site da Prefeitura de Caucaia, no endere\u00e7o: https:\/\/www.caucaia.ce.gov.br\/.<\/p>\n\n\n\n<p>A Prefeitura anunciar\u00e1 as informa\u00e7\u00f5es das inscri\u00e7\u00f5es deferidas e indeferidas, conforme cronograma, bem como a classifica\u00e7\u00e3o para a quantidade de lotes disponibilizados, recursos, homologa\u00e7\u00e3o, chamada e sorteio da posi\u00e7\u00e3o dos lotes. Os contemplados no Programa Bora Habitar j\u00e1 receber\u00e3o os lotes com a documenta\u00e7\u00e3o individualizada, bem como poder\u00e3o utilizar dos projetos padr\u00f5es completos para a casa, disponibilizados pela SEPLAM, por meio da assist\u00eancia de profissionais da \u00e1rea de arquitetura e engenharia, com a emiss\u00e3o do Alvar\u00e1 de Constru\u00e7\u00e3o Social devidamente aprovado.<\/p>\n\n\n\n<p>O benefici\u00e1rio n\u00e3o poder\u00e1 realizar a transfer\u00eancia do bem para \u201cterceiros\u201d. Caso o benefici\u00e1rio n\u00e3o execute a obra no per\u00edodo de 5 (cinco) anos, o im\u00f3vel retornar\u00e1 para a propriedade da Prefeitura Municipal de Caucaia, que poder\u00e1 disponibiliz\u00e1-lo ao pr\u00f3ximo benefici\u00e1rio do cadastro reserva, salvo haja um motivo justific\u00e1vel.<\/p>\n\n\n\n<figure class=\"wp-block-image size-large\"><img loading=\"lazy\" decoding=\"async\" width=\"1024\" height=\"858\" src=\"https:\/\/blogdorogeriogomes.com.br\/noticias\/wp-content\/uploads\/2024\/06\/IMG-20240614-WA0091-1024x858.jpg\" alt=\"\" class=\"wp-image-32975\" srcset=\"https:\/\/blogdorogeriogomes.com.br\/noticias\/wp-content\/uploads\/2024\/06\/IMG-20240614-WA0091-1024x858.jpg 1024w, https:\/\/blogdorogeriogomes.com.br\/noticias\/wp-content\/uploads\/2024\/06\/IMG-20240614-WA0091-300x251.jpg 300w, https:\/\/blogdorogeriogomes.com.br\/noticias\/wp-content\/uploads\/2024\/06\/IMG-20240614-WA0091-768x643.jpg 768w, https:\/\/blogdorogeriogomes.com.br\/noticias\/wp-content\/uploads\/2024\/06\/IMG-20240614-WA0091-1536x1286.jpg 1536w, https:\/\/blogdorogeriogomes.com.br\/noticias\/wp-content\/uploads\/2024\/06\/IMG-20240614-WA0091-800x670.jpg 800w, https:\/\/blogdorogeriogomes.com.br\/noticias\/wp-content\/uploads\/2024\/06\/IMG-20240614-WA0091.jpg 1600w\" sizes=\"auto, (max-width: 1024px) 100vw, 1024px\" \/><\/figure>\n","protected":false},"excerpt":{"rendered":"<p>O prefeito de Caucaia, Vitor Valim, anunciou, nesta sexta-feira, dia 14 de junho, o novo programa habitacional do munic\u00edpio, o Bora Habitar. A iniciativa visa a distribui\u00e7\u00e3o de mais de tr\u00eas mil lotes para o atendimento direito de moradia das fam\u00edlias de baixa renda residentes no munic\u00edpio. \u201cConforme compromisso firmado com a popula\u00e7\u00e3o, vamos destinar parte do banco de terras do munic\u00edpio a fam\u00edlias caucaienses, promovendo o cumprimento da fun\u00e7\u00e3o social dos nossos terrenos. Este programa representa um marco&hellip;<\/p>\n","protected":false},"author":1,"featured_media":32975,"comment_status":"open","ping_status":"open","sticky":false,"template":"","format":"standard","meta":{"footnotes":""},"categories":[1],"tags":[],"class_list":["post-32974","post","type-post","status-publish","format-standard","has-post-thumbnail","hentry","category-noticias"],"_links":{"self":[{"href":"https:\/\/blogdorogeriogomes.com.br\/noticias\/wp-json\/wp\/v2\/posts\/32974","targetHints":{"allow":["GET"]}}],"collection":[{"href":"https:\/\/blogdorogeriogomes.com.br\/noticias\/wp-json\/wp\/v2\/posts"}],"about":[{"href":"https:\/\/blogdorogeriogomes.com.br\/noticias\/wp-json\/wp\/v2\/types\/post"}],"author":[{"embeddable":true,"href":"https:\/\/blogdorogeriogomes.com.br\/noticias\/wp-json\/wp\/v2\/users\/1"}],"replies":[{"embeddable":true,"href":"https:\/\/blogdorogeriogomes.com.br\/noticias\/wp-json\/wp\/v2\/comments?post=32974"}],"version-history":[{"count":1,"href":"https:\/\/blogdorogeriogomes.com.br\/noticias\/wp-json\/wp\/v2\/posts\/32974\/revisions"}],"predecessor-version":[{"id":32976,"href":"https:\/\/blogdorogeriogomes.com.br\/noticias\/wp-json\/wp\/v2\/posts\/32974\/revisions\/32976"}],"wp:featuredmedia":[{"embeddable":true,"href":"https:\/\/blogdorogeriogomes.com.br\/noticias\/wp-json\/wp\/v2\/media\/32975"}],"wp:attachment":[{"href":"https:\/\/blogdorogeriogomes.com.br\/noticias\/wp-json\/wp\/v2\/media?parent=32974"}],"wp:term":[{"taxonomy":"category","embeddable":true,"href":"https:\/\/blogdorogeriogomes.com.br\/noticias\/wp-json\/wp\/v2\/categories?post=32974"},{"taxonomy":"post_tag","embeddable":true,"href":"https:\/\/blogdorogeriogomes.com.br\/noticias\/wp-json\/wp\/v2\/tags?post=32974"}],"curies":[{"name":"wp","href":"https:\/\/api.w.org\/{rel}","templated":true}]}}