{"id":32977,"date":"2024-06-15T15:47:02","date_gmt":"2024-06-15T15:47:02","guid":{"rendered":"https:\/\/blogdorogeriogomes.com.br\/noticias\/?p=32977"},"modified":"2024-06-15T15:47:03","modified_gmt":"2024-06-15T15:47:03","slug":"band-ceara-entrega-premiacao-do-cidades-excelentes-2024-nesta-segunda-feira-na-alece","status":"publish","type":"post","link":"https:\/\/blogdorogeriogomes.com.br\/noticias\/2024\/06\/band-ceara-entrega-premiacao-do-cidades-excelentes-2024-nesta-segunda-feira-na-alece\/","title":{"rendered":"Band Cear\u00e1 entrega premia\u00e7\u00e3o do Cidades Excelentes 2024 nesta segunda-feira na Alece"},"content":{"rendered":"\n<p>O Grupo Bandeirantes de Comunica\u00e7\u00e3o, em parceria com o Instituto Aquila, est\u00e1 promovendo a edi\u00e7\u00e3o especial de 2024 \u2013 Evolu\u00e7\u00e3o, do Pr\u00eamio Band Cidades Excelentes, que reconhece as melhores gest\u00f5es p\u00fablicas municipais em todos os estados do Brasil. O pr\u00eamio \u00e9 dividido em duas etapas: regional, que \u00e9 classificat\u00f3ria; e nacional. A etapa cearense acontecer\u00e1 na segunda-feira, dia 17 de junho, na Assembleia Legislativa do Cear\u00e1, a partir das 19 horas.<\/p>\n\n\n\n<p>Todos os munic\u00edpios cearenses e brasileiros est\u00e3o concorrendo na premia\u00e7\u00e3o, que usa a ferramenta \u00cdndice de Gest\u00e3o Municipal Aquila (IGMA), desenvolvida pelo Instituto Aquila, para avalia\u00e7\u00e3o. A plataforma foi desenvolvida por meio de Intelig\u00eancia Artificial, que a partir de algoritmos, consolidam os resultados de 72 indicadores em uma \u00fanica nota final.<\/p>\n\n\n\n<p>Os indicadores s\u00e3o constru\u00eddos a partir de 6 pilares: Governan\u00e7a, Efici\u00eancia fiscal e Transpar\u00eancia; Educa\u00e7\u00e3o; Sa\u00fade e Bem-Estar; Infraestrutura e Mobilidade Urbana; Sustentabilidade e Desenvolvimento Socioecon\u00f4mico e Ordem P\u00fablica. Para cada pilar, os munic\u00edpios ser\u00e3o separados em 3 categorias de avalia\u00e7\u00e3o, de acordo com o tamanho da popula\u00e7\u00e3o local: menos de 30 mil habitantes; entre 30 e 100 mil habitantes; e mais de 100 mil habitantes.<\/p>\n\n\n\n<p>Para a premia\u00e7\u00e3o edi\u00e7\u00e3o especial 2024 \u2013 Evolu\u00e7\u00e3o, ser\u00e1 considerada a evolu\u00e7\u00e3o de cada um dos pilares do IGMA, considerando o ciclo de 2021 a 2024, para defini\u00e7\u00e3o dos vencedores. A etapa nacional do Pr\u00eamio Band Cidades Excelentes acontece no dia primeiro de julho, em Bras\u00edlia.<\/p>\n\n\n\n<p>Em 2023, terceira edi\u00e7\u00e3o do Pr\u00eamio Band Cidades Excelentes, as cidades cearenses premiadas foram Guaramiranga, Eus\u00e9bio, Sobral, Pereiro, Tau\u00e1, Crato, Pires Ferreira, Limoeiro do Norte, Quixer\u00e9, Pacuj\u00e1, Pacajus, Itapipoca e Fortaleza.<\/p>\n\n\n\n<p>Na premia\u00e7\u00e3o nacional, as cidades de Pires Ferreira (at\u00e9 30 mil habitantes), Eus\u00e9bio (30 a 100 mil habitantes), e Sobral (acima de 100 mil habitantes), venceram na categoria Educa\u00e7\u00e3o. Sobral tamb\u00e9m foi premiada nacionalmente na categoria Sa\u00fade e Bem Estar.<\/p>\n\n\n\n<figure class=\"wp-block-image size-full\"><img loading=\"lazy\" decoding=\"async\" width=\"800\" height=\"533\" src=\"https:\/\/blogdorogeriogomes.com.br\/noticias\/wp-content\/uploads\/2024\/06\/b34e6f8a-bfef-469b-a291-c1a859b80fb7-1024x682-1.webp\" alt=\"\" class=\"wp-image-32978\" srcset=\"https:\/\/blogdorogeriogomes.com.br\/noticias\/wp-content\/uploads\/2024\/06\/b34e6f8a-bfef-469b-a291-c1a859b80fb7-1024x682-1.webp 800w, https:\/\/blogdorogeriogomes.com.br\/noticias\/wp-content\/uploads\/2024\/06\/b34e6f8a-bfef-469b-a291-c1a859b80fb7-1024x682-1-300x200.webp 300w, https:\/\/blogdorogeriogomes.com.br\/noticias\/wp-content\/uploads\/2024\/06\/b34e6f8a-bfef-469b-a291-c1a859b80fb7-1024x682-1-768x512.webp 768w\" sizes=\"auto, (max-width: 800px) 100vw, 800px\" \/><\/figure>\n","protected":false},"excerpt":{"rendered":"<p>O Grupo Bandeirantes de Comunica\u00e7\u00e3o, em parceria com o Instituto Aquila, est\u00e1 promovendo a edi\u00e7\u00e3o especial de 2024 \u2013 Evolu\u00e7\u00e3o, do Pr\u00eamio Band Cidades Excelentes, que reconhece as melhores gest\u00f5es p\u00fablicas municipais em todos os estados do Brasil. O pr\u00eamio \u00e9 dividido em duas etapas: regional, que \u00e9 classificat\u00f3ria; e nacional. A etapa cearense acontecer\u00e1 na segunda-feira, dia 17 de junho, na Assembleia Legislativa do Cear\u00e1, a partir das 19 horas. Todos os munic\u00edpios cearenses e brasileiros est\u00e3o concorrendo&hellip;<\/p>\n","protected":false},"author":1,"featured_media":32978,"comment_status":"open","ping_status":"open","sticky":false,"template":"","format":"standard","meta":{"footnotes":""},"categories":[1],"tags":[],"class_list":["post-32977","post","type-post","status-publish","format-standard","has-post-thumbnail","hentry","category-noticias"],"_links":{"self":[{"href":"https:\/\/blogdorogeriogomes.com.br\/noticias\/wp-json\/wp\/v2\/posts\/32977","targetHints":{"allow":["GET"]}}],"collection":[{"href":"https:\/\/blogdorogeriogomes.com.br\/noticias\/wp-json\/wp\/v2\/posts"}],"about":[{"href":"https:\/\/blogdorogeriogomes.com.br\/noticias\/wp-json\/wp\/v2\/types\/post"}],"author":[{"embeddable":true,"href":"https:\/\/blogdorogeriogomes.com.br\/noticias\/wp-json\/wp\/v2\/users\/1"}],"replies":[{"embeddable":true,"href":"https:\/\/blogdorogeriogomes.com.br\/noticias\/wp-json\/wp\/v2\/comments?post=32977"}],"version-history":[{"count":1,"href":"https:\/\/blogdorogeriogomes.com.br\/noticias\/wp-json\/wp\/v2\/posts\/32977\/revisions"}],"predecessor-version":[{"id":32979,"href":"https:\/\/blogdorogeriogomes.com.br\/noticias\/wp-json\/wp\/v2\/posts\/32977\/revisions\/32979"}],"wp:featuredmedia":[{"embeddable":true,"href":"https:\/\/blogdorogeriogomes.com.br\/noticias\/wp-json\/wp\/v2\/media\/32978"}],"wp:attachment":[{"href":"https:\/\/blogdorogeriogomes.com.br\/noticias\/wp-json\/wp\/v2\/media?parent=32977"}],"wp:term":[{"taxonomy":"category","embeddable":true,"href":"https:\/\/blogdorogeriogomes.com.br\/noticias\/wp-json\/wp\/v2\/categories?post=32977"},{"taxonomy":"post_tag","embeddable":true,"href":"https:\/\/blogdorogeriogomes.com.br\/noticias\/wp-json\/wp\/v2\/tags?post=32977"}],"curies":[{"name":"wp","href":"https:\/\/api.w.org\/{rel}","templated":true}]}}