{"id":32980,"date":"2024-06-15T15:52:11","date_gmt":"2024-06-15T15:52:11","guid":{"rendered":"https:\/\/blogdorogeriogomes.com.br\/noticias\/?p=32980"},"modified":"2024-06-15T15:52:12","modified_gmt":"2024-06-15T15:52:12","slug":"governos-federal-e-estadual-fecham-acordo-para-novo-local-da-usina-de-dessalinizacao-na-praia-do-futuro","status":"publish","type":"post","link":"https:\/\/blogdorogeriogomes.com.br\/noticias\/2024\/06\/governos-federal-e-estadual-fecham-acordo-para-novo-local-da-usina-de-dessalinizacao-na-praia-do-futuro\/","title":{"rendered":"Governos Federal e Estadual fecham acordo para novo local da Usina de Dessaliniza\u00e7\u00e3o na Praia do Futuro"},"content":{"rendered":"\n<p>Os governos Federal e Estadual fecharam acordo sobre o novo local para implanta\u00e7\u00e3o da usina de dessaliniza\u00e7\u00e3o na Praia do Futuro, em Fortaleza. O governador Elmano de Freitas participou de reuni\u00e3o com a Uni\u00e3o, representada pelo Minist\u00e9rio das Comunica\u00e7\u00f5es e a Ag\u00eancia Nacional de Telecomunica\u00e7\u00f5es (Anatel), em Bras\u00edlia, para oficializar o novo espa\u00e7o da Usina de Dessaliniza\u00e7\u00e3o do Cear\u00e1 (Dessal Cear\u00e1). <\/p>\n\n\n\n<p>A usina continuar\u00e1 na Praia do Futuro, mas agora a um quil\u00f4metro do antigo local. No terreno inicialmente planejado, o Governo do Cear\u00e1 implantar\u00e1 um Centro de Tecnologia, aproveitando a \u00f3tima disponibilidade de redes de dados proporcionada pelos cabos submarinos e data centers. <\/p>\n\n\n\n<p>Os projetos \u2013 de Geotecnia, Topografia, Plantas, Layout e outros \u2013 para a nova \u00e1rea, que fica pr\u00f3xima \u00e0 Avenida Zez\u00e9 Diogo, em frente ao ponto de capta\u00e7\u00e3o da \u00e1gua, levar\u00e3o cerca de quatro meses para serem atualizados e, ent\u00e3o, ser dado in\u00edcio \u00e0s obras.<\/p>\n\n\n\n<figure class=\"wp-block-image size-large\"><img loading=\"lazy\" decoding=\"async\" width=\"1024\" height=\"768\" src=\"https:\/\/blogdorogeriogomes.com.br\/noticias\/wp-content\/uploads\/2024\/06\/IMG-20240614-WA0224-1200x900-1-1024x768.jpg\" alt=\"\" class=\"wp-image-32981\" srcset=\"https:\/\/blogdorogeriogomes.com.br\/noticias\/wp-content\/uploads\/2024\/06\/IMG-20240614-WA0224-1200x900-1-1024x768.jpg 1024w, https:\/\/blogdorogeriogomes.com.br\/noticias\/wp-content\/uploads\/2024\/06\/IMG-20240614-WA0224-1200x900-1-300x225.jpg 300w, https:\/\/blogdorogeriogomes.com.br\/noticias\/wp-content\/uploads\/2024\/06\/IMG-20240614-WA0224-1200x900-1-768x576.jpg 768w, https:\/\/blogdorogeriogomes.com.br\/noticias\/wp-content\/uploads\/2024\/06\/IMG-20240614-WA0224-1200x900-1-800x600.jpg 800w, https:\/\/blogdorogeriogomes.com.br\/noticias\/wp-content\/uploads\/2024\/06\/IMG-20240614-WA0224-1200x900-1-400x300.jpg 400w, https:\/\/blogdorogeriogomes.com.br\/noticias\/wp-content\/uploads\/2024\/06\/IMG-20240614-WA0224-1200x900-1.jpg 1200w\" sizes=\"auto, (max-width: 1024px) 100vw, 1024px\" \/><\/figure>\n","protected":false},"excerpt":{"rendered":"<p>Os governos Federal e Estadual fecharam acordo sobre o novo local para implanta\u00e7\u00e3o da usina de dessaliniza\u00e7\u00e3o na Praia do Futuro, em Fortaleza. O governador Elmano de Freitas participou de reuni\u00e3o com a Uni\u00e3o, representada pelo Minist\u00e9rio das Comunica\u00e7\u00f5es e a Ag\u00eancia Nacional de Telecomunica\u00e7\u00f5es (Anatel), em Bras\u00edlia, para oficializar o novo espa\u00e7o da Usina de Dessaliniza\u00e7\u00e3o do Cear\u00e1 (Dessal Cear\u00e1). A usina continuar\u00e1 na Praia do Futuro, mas agora a um quil\u00f4metro do antigo local. No terreno inicialmente&hellip;<\/p>\n","protected":false},"author":1,"featured_media":32981,"comment_status":"open","ping_status":"open","sticky":false,"template":"","format":"standard","meta":{"footnotes":""},"categories":[1],"tags":[],"class_list":["post-32980","post","type-post","status-publish","format-standard","has-post-thumbnail","hentry","category-noticias"],"_links":{"self":[{"href":"https:\/\/blogdorogeriogomes.com.br\/noticias\/wp-json\/wp\/v2\/posts\/32980","targetHints":{"allow":["GET"]}}],"collection":[{"href":"https:\/\/blogdorogeriogomes.com.br\/noticias\/wp-json\/wp\/v2\/posts"}],"about":[{"href":"https:\/\/blogdorogeriogomes.com.br\/noticias\/wp-json\/wp\/v2\/types\/post"}],"author":[{"embeddable":true,"href":"https:\/\/blogdorogeriogomes.com.br\/noticias\/wp-json\/wp\/v2\/users\/1"}],"replies":[{"embeddable":true,"href":"https:\/\/blogdorogeriogomes.com.br\/noticias\/wp-json\/wp\/v2\/comments?post=32980"}],"version-history":[{"count":1,"href":"https:\/\/blogdorogeriogomes.com.br\/noticias\/wp-json\/wp\/v2\/posts\/32980\/revisions"}],"predecessor-version":[{"id":32982,"href":"https:\/\/blogdorogeriogomes.com.br\/noticias\/wp-json\/wp\/v2\/posts\/32980\/revisions\/32982"}],"wp:featuredmedia":[{"embeddable":true,"href":"https:\/\/blogdorogeriogomes.com.br\/noticias\/wp-json\/wp\/v2\/media\/32981"}],"wp:attachment":[{"href":"https:\/\/blogdorogeriogomes.com.br\/noticias\/wp-json\/wp\/v2\/media?parent=32980"}],"wp:term":[{"taxonomy":"category","embeddable":true,"href":"https:\/\/blogdorogeriogomes.com.br\/noticias\/wp-json\/wp\/v2\/categories?post=32980"},{"taxonomy":"post_tag","embeddable":true,"href":"https:\/\/blogdorogeriogomes.com.br\/noticias\/wp-json\/wp\/v2\/tags?post=32980"}],"curies":[{"name":"wp","href":"https:\/\/api.w.org\/{rel}","templated":true}]}}