{"id":32983,"date":"2024-06-17T19:54:42","date_gmt":"2024-06-17T19:54:42","guid":{"rendered":"https:\/\/blogdorogeriogomes.com.br\/noticias\/?p=32983"},"modified":"2024-06-17T19:54:43","modified_gmt":"2024-06-17T19:54:43","slug":"elmano-de-freitas-e-jose-sarto-voltam-a-se-encontrar-em-seminario-de-gestores-em-fortaleza","status":"publish","type":"post","link":"https:\/\/blogdorogeriogomes.com.br\/noticias\/2024\/06\/elmano-de-freitas-e-jose-sarto-voltam-a-se-encontrar-em-seminario-de-gestores-em-fortaleza\/","title":{"rendered":"Elmano de Freitas e Jos\u00e9 Sarto voltam a se encontrar em Semin\u00e1rio de Gestores em Fortaleza"},"content":{"rendered":"\n<p>Afastados politicamente, o governador do Cear\u00e1, Elmano de Freitas (PT), e o prefeito de Fortaleza, Jos\u00e9 Sarto (PDT), voltaram a se encontrar e dividir o mesmo palco no Semin\u00e1rio de Gestores P\u00fablicos, no Centro de Eventos do Cear\u00e1, nesta segunda-feira, dia 17 de junho. A \u00faltima vez que Elmano e Sarto estiveram juntos em evento p\u00fablico foi em setembro de 2023, durante cerim\u00f4nia do Banco do Nordeste que teve a presen\u00e7a do presidente Lula.<\/p>\n\n\n\n<p>Depois que o PT lan\u00e7ou o presidente da Assembleia Legislativa do Cear\u00e1, Evandro Leit\u00e3o, como pr\u00e9-candidato \u00e0 Prefeitura de Fortaleza, o afastamento de Elmano e Sarto aumentou ainda mais. As cr\u00edticas entre secret\u00e1rios estaduais e municipais sobre a gest\u00e3o na Capital se tornaram constantes nas redes sociais. \u00c9 o reflexo da disputa na sucess\u00e3o municipal que deve se intensificar com a chegada da campanha eleitoral. Evandro Leit\u00e3o tamb\u00e9m esteve presente no Semin\u00e1rio de Gestores P\u00fablicos.<\/p>\n\n\n\n<figure class=\"wp-block-image size-large\"><img loading=\"lazy\" decoding=\"async\" width=\"1024\" height=\"768\" src=\"https:\/\/blogdorogeriogomes.com.br\/noticias\/wp-content\/uploads\/2024\/06\/seminario-1024x768.jpeg\" alt=\"\" class=\"wp-image-32984\" srcset=\"https:\/\/blogdorogeriogomes.com.br\/noticias\/wp-content\/uploads\/2024\/06\/seminario-1024x768.jpeg 1024w, https:\/\/blogdorogeriogomes.com.br\/noticias\/wp-content\/uploads\/2024\/06\/seminario-300x225.jpeg 300w, https:\/\/blogdorogeriogomes.com.br\/noticias\/wp-content\/uploads\/2024\/06\/seminario-768x576.jpeg 768w, https:\/\/blogdorogeriogomes.com.br\/noticias\/wp-content\/uploads\/2024\/06\/seminario-800x600.jpeg 800w, https:\/\/blogdorogeriogomes.com.br\/noticias\/wp-content\/uploads\/2024\/06\/seminario-400x300.jpeg 400w, https:\/\/blogdorogeriogomes.com.br\/noticias\/wp-content\/uploads\/2024\/06\/seminario.jpeg 1457w\" sizes=\"auto, (max-width: 1024px) 100vw, 1024px\" \/><\/figure>\n","protected":false},"excerpt":{"rendered":"<p>Afastados politicamente, o governador do Cear\u00e1, Elmano de Freitas (PT), e o prefeito de Fortaleza, Jos\u00e9 Sarto (PDT), voltaram a se encontrar e dividir o mesmo palco no Semin\u00e1rio de Gestores P\u00fablicos, no Centro de Eventos do Cear\u00e1, nesta segunda-feira, dia 17 de junho. A \u00faltima vez que Elmano e Sarto estiveram juntos em evento p\u00fablico foi em setembro de 2023, durante cerim\u00f4nia do Banco do Nordeste que teve a presen\u00e7a do presidente Lula. Depois que o PT lan\u00e7ou&hellip;<\/p>\n","protected":false},"author":1,"featured_media":32984,"comment_status":"open","ping_status":"open","sticky":false,"template":"","format":"standard","meta":{"footnotes":""},"categories":[1],"tags":[],"class_list":["post-32983","post","type-post","status-publish","format-standard","has-post-thumbnail","hentry","category-noticias"],"_links":{"self":[{"href":"https:\/\/blogdorogeriogomes.com.br\/noticias\/wp-json\/wp\/v2\/posts\/32983","targetHints":{"allow":["GET"]}}],"collection":[{"href":"https:\/\/blogdorogeriogomes.com.br\/noticias\/wp-json\/wp\/v2\/posts"}],"about":[{"href":"https:\/\/blogdorogeriogomes.com.br\/noticias\/wp-json\/wp\/v2\/types\/post"}],"author":[{"embeddable":true,"href":"https:\/\/blogdorogeriogomes.com.br\/noticias\/wp-json\/wp\/v2\/users\/1"}],"replies":[{"embeddable":true,"href":"https:\/\/blogdorogeriogomes.com.br\/noticias\/wp-json\/wp\/v2\/comments?post=32983"}],"version-history":[{"count":1,"href":"https:\/\/blogdorogeriogomes.com.br\/noticias\/wp-json\/wp\/v2\/posts\/32983\/revisions"}],"predecessor-version":[{"id":32985,"href":"https:\/\/blogdorogeriogomes.com.br\/noticias\/wp-json\/wp\/v2\/posts\/32983\/revisions\/32985"}],"wp:featuredmedia":[{"embeddable":true,"href":"https:\/\/blogdorogeriogomes.com.br\/noticias\/wp-json\/wp\/v2\/media\/32984"}],"wp:attachment":[{"href":"https:\/\/blogdorogeriogomes.com.br\/noticias\/wp-json\/wp\/v2\/media?parent=32983"}],"wp:term":[{"taxonomy":"category","embeddable":true,"href":"https:\/\/blogdorogeriogomes.com.br\/noticias\/wp-json\/wp\/v2\/categories?post=32983"},{"taxonomy":"post_tag","embeddable":true,"href":"https:\/\/blogdorogeriogomes.com.br\/noticias\/wp-json\/wp\/v2\/tags?post=32983"}],"curies":[{"name":"wp","href":"https:\/\/api.w.org\/{rel}","templated":true}]}}