{"id":32986,"date":"2024-06-17T20:22:34","date_gmt":"2024-06-17T20:22:34","guid":{"rendered":"https:\/\/blogdorogeriogomes.com.br\/noticias\/?p=32986"},"modified":"2024-06-17T20:22:35","modified_gmt":"2024-06-17T20:22:35","slug":"apos-reacao-popular-pl-do-estupro-perde-forca-na-camara-federal-e-pode-nem-ir-mais-a-votacao","status":"publish","type":"post","link":"https:\/\/blogdorogeriogomes.com.br\/noticias\/2024\/06\/apos-reacao-popular-pl-do-estupro-perde-forca-na-camara-federal-e-pode-nem-ir-mais-a-votacao\/","title":{"rendered":"Ap\u00f3s rea\u00e7\u00e3o popular, PL do Estupro perde for\u00e7a na C\u00e2mara Federal e pode nem ir mais a vota\u00e7\u00e3o"},"content":{"rendered":"\n<p>As manifesta\u00e7\u00f5es por todo o Pa\u00eds provocaram o recuo da bancada evang\u00e9lica e do presidente da C\u00e2mara dos Deputados, Arthur Lira, em torno do Projeto de Lei (PL) que equipara o aborto ap\u00f3s 22 semanas de gesta\u00e7\u00e3o ao crime de homic\u00eddio marca uma derrota da extrema direita. A oposi\u00e7\u00e3o ao Governo Lula tenta agora se desvincular do projeto para evitar desgastes eleitorais.<\/p>\n\n\n\n<p>A\u00a0vota\u00e7\u00e3o do projeto de lei pode ser adiada na C\u00e2mara dos Deputados. A decis\u00e3o sobre postergar a an\u00e1lise do texto at\u00e9 o final do ano, ap\u00f3s as elei\u00e7\u00f5es municipais, foi admitida pelo autor da proposta, deputado S\u00f3stenes Cavalcante, membro da bancada evang\u00e9lica.<\/p>\n\n\n\n<p>Uma comiss\u00e3o composta apenas por mulheres criada pela Ordem dos Advogados do Brasil (OAB) constatou que o projeto de lei que equipara o aborto ap\u00f3s a 22\u00aa semana de gesta\u00e7\u00e3o ao crime de homic\u00eddio \u00e9 inconstitucional.<\/p>\n\n\n\n<p>Um abaixo-assinado lan\u00e7ado pela deputada federal S\u00e2mia Bomfim (Psol-SP) pedindo que o presidente da C\u00e2mara, Arthur Lira, arquive o PL do Estupro alcan\u00e7ou mais de 100 mil assinaturas em apenas um dia.<\/p>\n\n\n\n<figure class=\"wp-block-image size-full\"><img loading=\"lazy\" decoding=\"async\" width=\"500\" height=\"240\" src=\"https:\/\/blogdorogeriogomes.com.br\/noticias\/wp-content\/uploads\/2024\/06\/20240614110644_e67d8993-18e2-4aa1-9664-6cbbcea0a1ec.webp\" alt=\"\" class=\"wp-image-32987\" srcset=\"https:\/\/blogdorogeriogomes.com.br\/noticias\/wp-content\/uploads\/2024\/06\/20240614110644_e67d8993-18e2-4aa1-9664-6cbbcea0a1ec.webp 500w, https:\/\/blogdorogeriogomes.com.br\/noticias\/wp-content\/uploads\/2024\/06\/20240614110644_e67d8993-18e2-4aa1-9664-6cbbcea0a1ec-300x144.webp 300w\" sizes=\"auto, (max-width: 500px) 100vw, 500px\" \/><\/figure>\n","protected":false},"excerpt":{"rendered":"<p>As manifesta\u00e7\u00f5es por todo o Pa\u00eds provocaram o recuo da bancada evang\u00e9lica e do presidente da C\u00e2mara dos Deputados, Arthur Lira, em torno do Projeto de Lei (PL) que equipara o aborto ap\u00f3s 22 semanas de gesta\u00e7\u00e3o ao crime de homic\u00eddio marca uma derrota da extrema direita. A oposi\u00e7\u00e3o ao Governo Lula tenta agora se desvincular do projeto para evitar desgastes eleitorais. A\u00a0vota\u00e7\u00e3o do projeto de lei pode ser adiada na C\u00e2mara dos Deputados. A decis\u00e3o sobre postergar a&hellip;<\/p>\n","protected":false},"author":1,"featured_media":32987,"comment_status":"open","ping_status":"open","sticky":false,"template":"","format":"standard","meta":{"footnotes":""},"categories":[1],"tags":[],"class_list":["post-32986","post","type-post","status-publish","format-standard","has-post-thumbnail","hentry","category-noticias"],"_links":{"self":[{"href":"https:\/\/blogdorogeriogomes.com.br\/noticias\/wp-json\/wp\/v2\/posts\/32986","targetHints":{"allow":["GET"]}}],"collection":[{"href":"https:\/\/blogdorogeriogomes.com.br\/noticias\/wp-json\/wp\/v2\/posts"}],"about":[{"href":"https:\/\/blogdorogeriogomes.com.br\/noticias\/wp-json\/wp\/v2\/types\/post"}],"author":[{"embeddable":true,"href":"https:\/\/blogdorogeriogomes.com.br\/noticias\/wp-json\/wp\/v2\/users\/1"}],"replies":[{"embeddable":true,"href":"https:\/\/blogdorogeriogomes.com.br\/noticias\/wp-json\/wp\/v2\/comments?post=32986"}],"version-history":[{"count":1,"href":"https:\/\/blogdorogeriogomes.com.br\/noticias\/wp-json\/wp\/v2\/posts\/32986\/revisions"}],"predecessor-version":[{"id":32988,"href":"https:\/\/blogdorogeriogomes.com.br\/noticias\/wp-json\/wp\/v2\/posts\/32986\/revisions\/32988"}],"wp:featuredmedia":[{"embeddable":true,"href":"https:\/\/blogdorogeriogomes.com.br\/noticias\/wp-json\/wp\/v2\/media\/32987"}],"wp:attachment":[{"href":"https:\/\/blogdorogeriogomes.com.br\/noticias\/wp-json\/wp\/v2\/media?parent=32986"}],"wp:term":[{"taxonomy":"category","embeddable":true,"href":"https:\/\/blogdorogeriogomes.com.br\/noticias\/wp-json\/wp\/v2\/categories?post=32986"},{"taxonomy":"post_tag","embeddable":true,"href":"https:\/\/blogdorogeriogomes.com.br\/noticias\/wp-json\/wp\/v2\/tags?post=32986"}],"curies":[{"name":"wp","href":"https:\/\/api.w.org\/{rel}","templated":true}]}}