{"id":32992,"date":"2024-06-18T11:16:39","date_gmt":"2024-06-18T11:16:39","guid":{"rendered":"https:\/\/blogdorogeriogomes.com.br\/noticias\/?p=32992"},"modified":"2024-06-18T11:16:39","modified_gmt":"2024-06-18T11:16:39","slug":"stf-comeca-a-julgar-nesta-terca-feira-acusados-de-mandar-matar-ex-vereadora-marielle-franco","status":"publish","type":"post","link":"https:\/\/blogdorogeriogomes.com.br\/noticias\/2024\/06\/stf-comeca-a-julgar-nesta-terca-feira-acusados-de-mandar-matar-ex-vereadora-marielle-franco\/","title":{"rendered":"STF come\u00e7a a julgar nesta ter\u00e7a-feira acusados de mandar matar ex-vereadora Marielle Franco"},"content":{"rendered":"\n<p>A Primeira Turma do Supremo Tribunal Federal (STF) come\u00e7a a julgar nesta ter\u00e7a-feira, dia 18 de junho, a den\u00fancia oferecida pela Procuradoria-Geral da Rep\u00fablica (PGR) contra os supostos mandantes dos assassinatos da vereadora Marielle Franco e do motorista Anderson Gomes, em 2018.<\/p>\n\n\n\n<p>Se a acusa\u00e7\u00e3o for aceita, os irm\u00e3os Chiquinho e Domingos Braz\u00e3o e o ex-chefe da Pol\u00edcia Civil do Rio de Janeiro Rivaldo Barbosa se tornar\u00e3o r\u00e9us e v\u00e3o responder a uma a\u00e7\u00e3o penal pelos crimes. O relator do caso no STF \u00e9 o ministro Alexandre de Moraes.<\/p>\n\n\n\n<p>Chiquinho Braz\u00e3o \u00e9 deputado federal pelo Rio de Janeiro. Eleito pelo Uni\u00e3o Brasil, foi expulso do partido ap\u00f3s ser preso, em mar\u00e7o, acusado de ser mandante do assassinato. \u00c9 acusado pela PGR de participa\u00e7\u00e3o em homic\u00eddio qualificado e participa\u00e7\u00e3o em tentativa de homic\u00eddio.<\/p>\n\n\n\n<p>Domingos Braz\u00e3o foi conselheiro do Tribunal de Contas do Rio de Janeiro. Tamb\u00e9m foi preso em mar\u00e7o. Ele \u00e9 acusado pela PGR de crime de organiza\u00e7\u00e3o criminosa, participa\u00e7\u00e3o em homic\u00eddio qualificado e participa\u00e7\u00e3o em tentativa de homic\u00eddio.<\/p>\n\n\n\n<p>Rivaldo Barbosa, tamb\u00e9m preso, chefiava a Pol\u00edcia Civil do Rio \u00e0 \u00e9poca do in\u00edcio das investiga\u00e7\u00f5es. O envolvimento dele com o assassinato fez a fam\u00edlia de Marielle se sentir tra\u00edda, porque o delegado prometia aos parentes da vereadora que elucidaria o caso.<\/p>\n\n\n\n<figure class=\"wp-block-image size-full\"><img loading=\"lazy\" decoding=\"async\" width=\"1000\" height=\"562\" src=\"https:\/\/blogdorogeriogomes.com.br\/noticias\/wp-content\/uploads\/2024\/06\/mandantes-marielle.png\" alt=\"\" class=\"wp-image-32993\" srcset=\"https:\/\/blogdorogeriogomes.com.br\/noticias\/wp-content\/uploads\/2024\/06\/mandantes-marielle.png 1000w, https:\/\/blogdorogeriogomes.com.br\/noticias\/wp-content\/uploads\/2024\/06\/mandantes-marielle-300x169.png 300w, https:\/\/blogdorogeriogomes.com.br\/noticias\/wp-content\/uploads\/2024\/06\/mandantes-marielle-768x432.png 768w, https:\/\/blogdorogeriogomes.com.br\/noticias\/wp-content\/uploads\/2024\/06\/mandantes-marielle-800x450.png 800w\" sizes=\"auto, (max-width: 1000px) 100vw, 1000px\" \/><\/figure>\n","protected":false},"excerpt":{"rendered":"<p>A Primeira Turma do Supremo Tribunal Federal (STF) come\u00e7a a julgar nesta ter\u00e7a-feira, dia 18 de junho, a den\u00fancia oferecida pela Procuradoria-Geral da Rep\u00fablica (PGR) contra os supostos mandantes dos assassinatos da vereadora Marielle Franco e do motorista Anderson Gomes, em 2018. Se a acusa\u00e7\u00e3o for aceita, os irm\u00e3os Chiquinho e Domingos Braz\u00e3o e o ex-chefe da Pol\u00edcia Civil do Rio de Janeiro Rivaldo Barbosa se tornar\u00e3o r\u00e9us e v\u00e3o responder a uma a\u00e7\u00e3o penal pelos crimes. O relator&hellip;<\/p>\n","protected":false},"author":1,"featured_media":32995,"comment_status":"open","ping_status":"open","sticky":false,"template":"","format":"standard","meta":{"footnotes":""},"categories":[1],"tags":[],"class_list":["post-32992","post","type-post","status-publish","format-standard","has-post-thumbnail","hentry","category-noticias"],"_links":{"self":[{"href":"https:\/\/blogdorogeriogomes.com.br\/noticias\/wp-json\/wp\/v2\/posts\/32992","targetHints":{"allow":["GET"]}}],"collection":[{"href":"https:\/\/blogdorogeriogomes.com.br\/noticias\/wp-json\/wp\/v2\/posts"}],"about":[{"href":"https:\/\/blogdorogeriogomes.com.br\/noticias\/wp-json\/wp\/v2\/types\/post"}],"author":[{"embeddable":true,"href":"https:\/\/blogdorogeriogomes.com.br\/noticias\/wp-json\/wp\/v2\/users\/1"}],"replies":[{"embeddable":true,"href":"https:\/\/blogdorogeriogomes.com.br\/noticias\/wp-json\/wp\/v2\/comments?post=32992"}],"version-history":[{"count":1,"href":"https:\/\/blogdorogeriogomes.com.br\/noticias\/wp-json\/wp\/v2\/posts\/32992\/revisions"}],"predecessor-version":[{"id":32996,"href":"https:\/\/blogdorogeriogomes.com.br\/noticias\/wp-json\/wp\/v2\/posts\/32992\/revisions\/32996"}],"wp:featuredmedia":[{"embeddable":true,"href":"https:\/\/blogdorogeriogomes.com.br\/noticias\/wp-json\/wp\/v2\/media\/32995"}],"wp:attachment":[{"href":"https:\/\/blogdorogeriogomes.com.br\/noticias\/wp-json\/wp\/v2\/media?parent=32992"}],"wp:term":[{"taxonomy":"category","embeddable":true,"href":"https:\/\/blogdorogeriogomes.com.br\/noticias\/wp-json\/wp\/v2\/categories?post=32992"},{"taxonomy":"post_tag","embeddable":true,"href":"https:\/\/blogdorogeriogomes.com.br\/noticias\/wp-json\/wp\/v2\/tags?post=32992"}],"curies":[{"name":"wp","href":"https:\/\/api.w.org\/{rel}","templated":true}]}}