{"id":33006,"date":"2024-06-19T10:20:44","date_gmt":"2024-06-19T10:20:44","guid":{"rendered":"https:\/\/blogdorogeriogomes.com.br\/noticias\/?p=33006"},"modified":"2024-06-19T10:20:45","modified_gmt":"2024-06-19T10:20:45","slug":"novo-terminal-de-onibus-na-praca-jose-de-alencar-sera-inaugurado-nesta-quinta-feira-em-fortaleza","status":"publish","type":"post","link":"https:\/\/blogdorogeriogomes.com.br\/noticias\/2024\/06\/novo-terminal-de-onibus-na-praca-jose-de-alencar-sera-inaugurado-nesta-quinta-feira-em-fortaleza\/","title":{"rendered":"Novo terminal de \u00f4nibus na Pra\u00e7a Jos\u00e9 de Alencar ser\u00e1 inaugurado nesta quinta-feira em Fortaleza"},"content":{"rendered":"\n<p>O novo terminal de \u00f4nibus na Pra\u00e7a Jos\u00e9 de Alencar, no Centro de Fortaleza, vai ser inaugurado nesta quinta-feira, dia 20 de junho. As obras de constru\u00e7\u00e3o come\u00e7aram em abril de 2023. O novo equipamento foi constru\u00eddo no terreno onde funcionava o antigo Beco da Poeira, ao lado da esta\u00e7\u00e3o de metr\u00f4, entre as ruas Guilherme Rocha e Liberato Barroso.<br>O novo terminal ter\u00e1 tr\u00eas plataformas de embarque e desembarque com cobertas met\u00e1licas, com mais de dois mil metros quadrados de \u00e1rea. No local, foram constru\u00eddas tamb\u00e9m passagens elevadas para pedestres e fixados gradis entre as plataformas, para dar mais seguran\u00e7a, al\u00e9m de delimitar e resguardar o tr\u00e1fego de pedestres. O investimento total foi de R$ 13,4 milh\u00f5es de reais.<\/p>\n\n\n\n<figure class=\"wp-block-image size-full\"><img loading=\"lazy\" decoding=\"async\" width=\"600\" height=\"352\" src=\"https:\/\/blogdorogeriogomes.com.br\/noticias\/wp-content\/uploads\/2024\/06\/09-01-2024-praca-jose-de-alencar-em-baixa-01.jpg\" alt=\"\" class=\"wp-image-33007\" srcset=\"https:\/\/blogdorogeriogomes.com.br\/noticias\/wp-content\/uploads\/2024\/06\/09-01-2024-praca-jose-de-alencar-em-baixa-01.jpg 600w, https:\/\/blogdorogeriogomes.com.br\/noticias\/wp-content\/uploads\/2024\/06\/09-01-2024-praca-jose-de-alencar-em-baixa-01-300x176.jpg 300w\" sizes=\"auto, (max-width: 600px) 100vw, 600px\" \/><\/figure>\n","protected":false},"excerpt":{"rendered":"<p>O novo terminal de \u00f4nibus na Pra\u00e7a Jos\u00e9 de Alencar, no Centro de Fortaleza, vai ser inaugurado nesta quinta-feira, dia 20 de junho. As obras de constru\u00e7\u00e3o come\u00e7aram em abril de 2023. O novo equipamento foi constru\u00eddo no terreno onde funcionava o antigo Beco da Poeira, ao lado da esta\u00e7\u00e3o de metr\u00f4, entre as ruas Guilherme Rocha e Liberato Barroso.O novo terminal ter\u00e1 tr\u00eas plataformas de embarque e desembarque com cobertas met\u00e1licas, com mais de dois mil metros quadrados&hellip;<\/p>\n","protected":false},"author":1,"featured_media":33007,"comment_status":"open","ping_status":"open","sticky":false,"template":"","format":"standard","meta":{"footnotes":""},"categories":[1],"tags":[],"class_list":["post-33006","post","type-post","status-publish","format-standard","has-post-thumbnail","hentry","category-noticias"],"_links":{"self":[{"href":"https:\/\/blogdorogeriogomes.com.br\/noticias\/wp-json\/wp\/v2\/posts\/33006","targetHints":{"allow":["GET"]}}],"collection":[{"href":"https:\/\/blogdorogeriogomes.com.br\/noticias\/wp-json\/wp\/v2\/posts"}],"about":[{"href":"https:\/\/blogdorogeriogomes.com.br\/noticias\/wp-json\/wp\/v2\/types\/post"}],"author":[{"embeddable":true,"href":"https:\/\/blogdorogeriogomes.com.br\/noticias\/wp-json\/wp\/v2\/users\/1"}],"replies":[{"embeddable":true,"href":"https:\/\/blogdorogeriogomes.com.br\/noticias\/wp-json\/wp\/v2\/comments?post=33006"}],"version-history":[{"count":1,"href":"https:\/\/blogdorogeriogomes.com.br\/noticias\/wp-json\/wp\/v2\/posts\/33006\/revisions"}],"predecessor-version":[{"id":33008,"href":"https:\/\/blogdorogeriogomes.com.br\/noticias\/wp-json\/wp\/v2\/posts\/33006\/revisions\/33008"}],"wp:featuredmedia":[{"embeddable":true,"href":"https:\/\/blogdorogeriogomes.com.br\/noticias\/wp-json\/wp\/v2\/media\/33007"}],"wp:attachment":[{"href":"https:\/\/blogdorogeriogomes.com.br\/noticias\/wp-json\/wp\/v2\/media?parent=33006"}],"wp:term":[{"taxonomy":"category","embeddable":true,"href":"https:\/\/blogdorogeriogomes.com.br\/noticias\/wp-json\/wp\/v2\/categories?post=33006"},{"taxonomy":"post_tag","embeddable":true,"href":"https:\/\/blogdorogeriogomes.com.br\/noticias\/wp-json\/wp\/v2\/tags?post=33006"}],"curies":[{"name":"wp","href":"https:\/\/api.w.org\/{rel}","templated":true}]}}