{"id":33009,"date":"2024-06-19T10:34:42","date_gmt":"2024-06-19T10:34:42","guid":{"rendered":"https:\/\/blogdorogeriogomes.com.br\/noticias\/?p=33009"},"modified":"2024-06-19T10:34:42","modified_gmt":"2024-06-19T10:34:42","slug":"lula-vem-ao-ceara-nesta-quinta-feira-e-concentra-agenda-de-compromissos-apenas-em-fortaleza","status":"publish","type":"post","link":"https:\/\/blogdorogeriogomes.com.br\/noticias\/2024\/06\/lula-vem-ao-ceara-nesta-quinta-feira-e-concentra-agenda-de-compromissos-apenas-em-fortaleza\/","title":{"rendered":"Lula vem ao Cear\u00e1 nesta quinta-feira e concentra agenda de compromissos apenas em Fortaleza"},"content":{"rendered":"\n<p>O presidente Lula (PT) ter\u00e1 agenda dupla em Fortaleza nesta quinta-feira, dia 20 de junho. A ida a Juazeiro do Norte, no Cariri, foi cancelada. A programa\u00e7\u00e3o do presidente da Rep\u00fablica no Cear\u00e1 ter\u00e1 compromissos no Pal\u00e1cio da Aboli\u00e7\u00e3o e no Residencial Cidade Jardim, no Passar\u00e9. A visita de Lula ao Cear\u00e1 acontece em um momento de tens\u00e3o entre o Governo Federal e professores do Ensino Superior em greve.<\/p>\n\n\n\n<p>Na sede do governo estadual, Lula, o ministro da Educa\u00e7\u00e3o, Camilo Santana, e o governador Elmano de Freitas anunciam a constru\u00e7\u00e3o de novos Institutos Federais, hospitais universit\u00e1rios, cursos, laborat\u00f3rios e restaurantes universit\u00e1rios no Estado.<\/p>\n\n\n\n<p>No per\u00edodo da tarde, Lula vai inaugurar o Residencial Cidade Jardim, no bairro Jos\u00e9 Walter. O empreendimento conta com 416 apartamentos e vai beneficiar cerca de 1.600 pessoas.<\/p>\n\n\n\n<figure class=\"wp-block-image size-large\"><img loading=\"lazy\" decoding=\"async\" width=\"1024\" height=\"576\" src=\"https:\/\/blogdorogeriogomes.com.br\/noticias\/wp-content\/uploads\/2024\/06\/IMG-20240619-WA0017-1024x576.jpg\" alt=\"\" class=\"wp-image-33010\" srcset=\"https:\/\/blogdorogeriogomes.com.br\/noticias\/wp-content\/uploads\/2024\/06\/IMG-20240619-WA0017-1024x576.jpg 1024w, https:\/\/blogdorogeriogomes.com.br\/noticias\/wp-content\/uploads\/2024\/06\/IMG-20240619-WA0017-300x169.jpg 300w, https:\/\/blogdorogeriogomes.com.br\/noticias\/wp-content\/uploads\/2024\/06\/IMG-20240619-WA0017-768x432.jpg 768w, https:\/\/blogdorogeriogomes.com.br\/noticias\/wp-content\/uploads\/2024\/06\/IMG-20240619-WA0017-800x450.jpg 800w, https:\/\/blogdorogeriogomes.com.br\/noticias\/wp-content\/uploads\/2024\/06\/IMG-20240619-WA0017.jpg 1080w\" sizes=\"auto, (max-width: 1024px) 100vw, 1024px\" \/><\/figure>\n","protected":false},"excerpt":{"rendered":"<p>O presidente Lula (PT) ter\u00e1 agenda dupla em Fortaleza nesta quinta-feira, dia 20 de junho. A ida a Juazeiro do Norte, no Cariri, foi cancelada. A programa\u00e7\u00e3o do presidente da Rep\u00fablica no Cear\u00e1 ter\u00e1 compromissos no Pal\u00e1cio da Aboli\u00e7\u00e3o e no Residencial Cidade Jardim, no Passar\u00e9. A visita de Lula ao Cear\u00e1 acontece em um momento de tens\u00e3o entre o Governo Federal e professores do Ensino Superior em greve. Na sede do governo estadual, Lula, o ministro da Educa\u00e7\u00e3o,&hellip;<\/p>\n","protected":false},"author":1,"featured_media":33010,"comment_status":"open","ping_status":"open","sticky":false,"template":"","format":"standard","meta":{"footnotes":""},"categories":[1],"tags":[],"class_list":["post-33009","post","type-post","status-publish","format-standard","has-post-thumbnail","hentry","category-noticias"],"_links":{"self":[{"href":"https:\/\/blogdorogeriogomes.com.br\/noticias\/wp-json\/wp\/v2\/posts\/33009","targetHints":{"allow":["GET"]}}],"collection":[{"href":"https:\/\/blogdorogeriogomes.com.br\/noticias\/wp-json\/wp\/v2\/posts"}],"about":[{"href":"https:\/\/blogdorogeriogomes.com.br\/noticias\/wp-json\/wp\/v2\/types\/post"}],"author":[{"embeddable":true,"href":"https:\/\/blogdorogeriogomes.com.br\/noticias\/wp-json\/wp\/v2\/users\/1"}],"replies":[{"embeddable":true,"href":"https:\/\/blogdorogeriogomes.com.br\/noticias\/wp-json\/wp\/v2\/comments?post=33009"}],"version-history":[{"count":1,"href":"https:\/\/blogdorogeriogomes.com.br\/noticias\/wp-json\/wp\/v2\/posts\/33009\/revisions"}],"predecessor-version":[{"id":33011,"href":"https:\/\/blogdorogeriogomes.com.br\/noticias\/wp-json\/wp\/v2\/posts\/33009\/revisions\/33011"}],"wp:featuredmedia":[{"embeddable":true,"href":"https:\/\/blogdorogeriogomes.com.br\/noticias\/wp-json\/wp\/v2\/media\/33010"}],"wp:attachment":[{"href":"https:\/\/blogdorogeriogomes.com.br\/noticias\/wp-json\/wp\/v2\/media?parent=33009"}],"wp:term":[{"taxonomy":"category","embeddable":true,"href":"https:\/\/blogdorogeriogomes.com.br\/noticias\/wp-json\/wp\/v2\/categories?post=33009"},{"taxonomy":"post_tag","embeddable":true,"href":"https:\/\/blogdorogeriogomes.com.br\/noticias\/wp-json\/wp\/v2\/tags?post=33009"}],"curies":[{"name":"wp","href":"https:\/\/api.w.org\/{rel}","templated":true}]}}