{"id":33015,"date":"2024-06-19T15:19:06","date_gmt":"2024-06-19T15:19:06","guid":{"rendered":"https:\/\/blogdorogeriogomes.com.br\/noticias\/?p=33015"},"modified":"2024-06-19T15:19:06","modified_gmt":"2024-06-19T15:19:06","slug":"definidas-as-atracoes-para-o-sao-joao-de-fortaleza-no-aterrinho-da-praia-de-iracema-no-fim-de-junho","status":"publish","type":"post","link":"https:\/\/blogdorogeriogomes.com.br\/noticias\/2024\/06\/definidas-as-atracoes-para-o-sao-joao-de-fortaleza-no-aterrinho-da-praia-de-iracema-no-fim-de-junho\/","title":{"rendered":"Definidas as atra\u00e7\u00f5es para o S\u00e3o Jo\u00e3o de Fortaleza no Aterrinho da Praia de Iracema no fim de junho"},"content":{"rendered":"\n<p>Est\u00e3o definidas as atra\u00e7\u00f5es do S\u00e3o Jo\u00e3o de Fortaleza, promovido pela Prefeitura da Capital, de 28 a 30 de junho, com artistas nacionais e apresenta\u00e7\u00e3o de quadrilhas juninas. O Aterrinho da Praia de Iracema ser\u00e1 o palco de shows comandados por Geraldo Azevedo e Xand Avi\u00e3o, al\u00e9m de outras atra\u00e7\u00f5es como Z\u00e9 Vaqueiro, Lagosta Bronzeada, Z\u00e9 Cantor e Banda Magn\u00edficos.<\/p>\n\n\n\n<p>Al\u00e9m dos shows musicais, seis grupos de quadrilha junina se apresentar\u00e3o no palco: Cear\u00e1 Junino, Encanta Cear\u00e1, Amor Quadrilheiro, Estrela do S\u00e3o Jo\u00e3o, Amor Nordestino e Papoquinho. Ser\u00e3o dois grupos se apresentando por dia, selecionados a partir do edital de Festejos Juninos de 2024 realizado pela Secretaria Municipal da Cultura de Fortaleza (Secultfor).<\/p>\n\n\n\n<p><strong>Programa\u00e7\u00e3o completa<\/strong><\/p>\n\n\n\n<p><strong>Sexta-feira (28\/6)<\/strong><br>Apresenta\u00e7\u00e3o de quadrilhas<br>Orquestra Acordeons de Fortaleza<br>Geraldo Azevedo<br>Z\u00e9 Vaqueiro<\/p>\n\n\n\n<p><strong>S\u00e1bado (29\/6)<\/strong><br>Apresenta\u00e7\u00e3o de quadrilhas<br>Forr\u00f3 do Bom<br>Xand Avi\u00e3o<br>Lagosta Bronzeada<\/p>\n\n\n\n<p><strong>Domingo (30\/6)<\/strong><br>Apresenta\u00e7\u00e3o de quadrilhas<br>Waldonys<br>Z\u00e9 Cantor<br>Magn\u00edficos<\/p>\n\n\n\n<figure class=\"wp-block-image size-large\"><img loading=\"lazy\" decoding=\"async\" width=\"1024\" height=\"602\" src=\"https:\/\/blogdorogeriogomes.com.br\/noticias\/wp-content\/uploads\/2024\/06\/19-06-2024-Geraldo-Azevedo-41-1024x602.jpeg\" alt=\"\" class=\"wp-image-33016\" srcset=\"https:\/\/blogdorogeriogomes.com.br\/noticias\/wp-content\/uploads\/2024\/06\/19-06-2024-Geraldo-Azevedo-41-1024x602.jpeg 1024w, https:\/\/blogdorogeriogomes.com.br\/noticias\/wp-content\/uploads\/2024\/06\/19-06-2024-Geraldo-Azevedo-41-300x176.jpeg 300w, https:\/\/blogdorogeriogomes.com.br\/noticias\/wp-content\/uploads\/2024\/06\/19-06-2024-Geraldo-Azevedo-41-768x451.jpeg 768w, https:\/\/blogdorogeriogomes.com.br\/noticias\/wp-content\/uploads\/2024\/06\/19-06-2024-Geraldo-Azevedo-41-800x470.jpeg 800w, https:\/\/blogdorogeriogomes.com.br\/noticias\/wp-content\/uploads\/2024\/06\/19-06-2024-Geraldo-Azevedo-41.jpeg 1280w\" sizes=\"auto, (max-width: 1024px) 100vw, 1024px\" \/><\/figure>\n","protected":false},"excerpt":{"rendered":"<p>Est\u00e3o definidas as atra\u00e7\u00f5es do S\u00e3o Jo\u00e3o de Fortaleza, promovido pela Prefeitura da Capital, de 28 a 30 de junho, com artistas nacionais e apresenta\u00e7\u00e3o de quadrilhas juninas. O Aterrinho da Praia de Iracema ser\u00e1 o palco de shows comandados por Geraldo Azevedo e Xand Avi\u00e3o, al\u00e9m de outras atra\u00e7\u00f5es como Z\u00e9 Vaqueiro, Lagosta Bronzeada, Z\u00e9 Cantor e Banda Magn\u00edficos. Al\u00e9m dos shows musicais, seis grupos de quadrilha junina se apresentar\u00e3o no palco: Cear\u00e1 Junino, Encanta Cear\u00e1, Amor Quadrilheiro,&hellip;<\/p>\n","protected":false},"author":1,"featured_media":33016,"comment_status":"open","ping_status":"open","sticky":false,"template":"","format":"standard","meta":{"footnotes":""},"categories":[1],"tags":[],"class_list":["post-33015","post","type-post","status-publish","format-standard","has-post-thumbnail","hentry","category-noticias"],"_links":{"self":[{"href":"https:\/\/blogdorogeriogomes.com.br\/noticias\/wp-json\/wp\/v2\/posts\/33015","targetHints":{"allow":["GET"]}}],"collection":[{"href":"https:\/\/blogdorogeriogomes.com.br\/noticias\/wp-json\/wp\/v2\/posts"}],"about":[{"href":"https:\/\/blogdorogeriogomes.com.br\/noticias\/wp-json\/wp\/v2\/types\/post"}],"author":[{"embeddable":true,"href":"https:\/\/blogdorogeriogomes.com.br\/noticias\/wp-json\/wp\/v2\/users\/1"}],"replies":[{"embeddable":true,"href":"https:\/\/blogdorogeriogomes.com.br\/noticias\/wp-json\/wp\/v2\/comments?post=33015"}],"version-history":[{"count":1,"href":"https:\/\/blogdorogeriogomes.com.br\/noticias\/wp-json\/wp\/v2\/posts\/33015\/revisions"}],"predecessor-version":[{"id":33017,"href":"https:\/\/blogdorogeriogomes.com.br\/noticias\/wp-json\/wp\/v2\/posts\/33015\/revisions\/33017"}],"wp:featuredmedia":[{"embeddable":true,"href":"https:\/\/blogdorogeriogomes.com.br\/noticias\/wp-json\/wp\/v2\/media\/33016"}],"wp:attachment":[{"href":"https:\/\/blogdorogeriogomes.com.br\/noticias\/wp-json\/wp\/v2\/media?parent=33015"}],"wp:term":[{"taxonomy":"category","embeddable":true,"href":"https:\/\/blogdorogeriogomes.com.br\/noticias\/wp-json\/wp\/v2\/categories?post=33015"},{"taxonomy":"post_tag","embeddable":true,"href":"https:\/\/blogdorogeriogomes.com.br\/noticias\/wp-json\/wp\/v2\/tags?post=33015"}],"curies":[{"name":"wp","href":"https:\/\/api.w.org\/{rel}","templated":true}]}}