{"id":33018,"date":"2024-06-19T23:09:57","date_gmt":"2024-06-19T23:09:57","guid":{"rendered":"https:\/\/blogdorogeriogomes.com.br\/noticias\/?p=33018"},"modified":"2024-06-19T23:09:57","modified_gmt":"2024-06-19T23:09:57","slug":"comissao-aprova-relatorio-do-deputado-federal-andre-figueiredo-que-preve-piso-salarial-para-garis-no-pais","status":"publish","type":"post","link":"https:\/\/blogdorogeriogomes.com.br\/noticias\/2024\/06\/comissao-aprova-relatorio-do-deputado-federal-andre-figueiredo-que-preve-piso-salarial-para-garis-no-pais\/","title":{"rendered":"Comiss\u00e3o aprova relat\u00f3rio do deputado federal Andr\u00e9 Figueiredo que prev\u00ea piso salarial para garis no Pa\u00eds"},"content":{"rendered":"\n<p>A Comiss\u00e3o de Trabalho da C\u00e2mara Federal aprovou o relat\u00f3rio do deputado federal Andr\u00e9 Figueiredo (PDT-CE) que, al\u00e9m de regulamentar a profiss\u00e3o de trabalhador essencial de limpeza urbana, tamb\u00e9m prev\u00ea o piso salarial nacional de dois sal\u00e1rios m\u00ednimos, a jornada semanal de 36h, o adicional de insalubridade em grau m\u00e1ximo e a aposentadoria especial.<\/p>\n\n\n\n<p>O parlamentar cearense parabenizou a mobiliza\u00e7\u00e3o dos profissionais nas redes e agradeceu o \u00eaxito na vota\u00e7\u00e3o de seu relat\u00f3rio. \u201cOs trabalhadores de limpeza urbana desempenham um papel crucial na sa\u00fade p\u00fablica, preserva\u00e7\u00e3o ambiental e qualidade de vida nas cidades. Em raz\u00e3o disso, entendemos como merit\u00f3ria a regulamenta\u00e7\u00e3o da atividade para assegurar os direitos da categoria, bem como a import\u00e2ncia social destes trabalhadores na sociedade.\u201d<\/p>\n\n\n\n<p>A proposta ainda ser\u00e1 analisada em car\u00e1ter conclusivo pelas comiss\u00f5es de Trabalho; de Finan\u00e7as e Tributa\u00e7\u00e3o; e de Constitui\u00e7\u00e3o e Justi\u00e7a e de Cidadania.<\/p>\n\n\n\n<figure class=\"wp-block-image size-large\"><img loading=\"lazy\" decoding=\"async\" width=\"1024\" height=\"681\" src=\"https:\/\/blogdorogeriogomes.com.br\/noticias\/wp-content\/uploads\/2024\/06\/IMG-20240619-WA0104-1024x681.jpg\" alt=\"\" class=\"wp-image-33019\" srcset=\"https:\/\/blogdorogeriogomes.com.br\/noticias\/wp-content\/uploads\/2024\/06\/IMG-20240619-WA0104-1024x681.jpg 1024w, https:\/\/blogdorogeriogomes.com.br\/noticias\/wp-content\/uploads\/2024\/06\/IMG-20240619-WA0104-300x199.jpg 300w, https:\/\/blogdorogeriogomes.com.br\/noticias\/wp-content\/uploads\/2024\/06\/IMG-20240619-WA0104-768x511.jpg 768w, https:\/\/blogdorogeriogomes.com.br\/noticias\/wp-content\/uploads\/2024\/06\/IMG-20240619-WA0104-800x532.jpg 800w, https:\/\/blogdorogeriogomes.com.br\/noticias\/wp-content\/uploads\/2024\/06\/IMG-20240619-WA0104.jpg 1280w\" sizes=\"auto, (max-width: 1024px) 100vw, 1024px\" \/><\/figure>\n\n\n\n<p><\/p>\n\n\n\n<p><\/p>\n","protected":false},"excerpt":{"rendered":"<p>A Comiss\u00e3o de Trabalho da C\u00e2mara Federal aprovou o relat\u00f3rio do deputado federal Andr\u00e9 Figueiredo (PDT-CE) que, al\u00e9m de regulamentar a profiss\u00e3o de trabalhador essencial de limpeza urbana, tamb\u00e9m prev\u00ea o piso salarial nacional de dois sal\u00e1rios m\u00ednimos, a jornada semanal de 36h, o adicional de insalubridade em grau m\u00e1ximo e a aposentadoria especial. O parlamentar cearense parabenizou a mobiliza\u00e7\u00e3o dos profissionais nas redes e agradeceu o \u00eaxito na vota\u00e7\u00e3o de seu relat\u00f3rio. \u201cOs trabalhadores de limpeza urbana desempenham&hellip;<\/p>\n","protected":false},"author":1,"featured_media":33019,"comment_status":"open","ping_status":"open","sticky":false,"template":"","format":"standard","meta":{"footnotes":""},"categories":[1],"tags":[],"class_list":["post-33018","post","type-post","status-publish","format-standard","has-post-thumbnail","hentry","category-noticias"],"_links":{"self":[{"href":"https:\/\/blogdorogeriogomes.com.br\/noticias\/wp-json\/wp\/v2\/posts\/33018","targetHints":{"allow":["GET"]}}],"collection":[{"href":"https:\/\/blogdorogeriogomes.com.br\/noticias\/wp-json\/wp\/v2\/posts"}],"about":[{"href":"https:\/\/blogdorogeriogomes.com.br\/noticias\/wp-json\/wp\/v2\/types\/post"}],"author":[{"embeddable":true,"href":"https:\/\/blogdorogeriogomes.com.br\/noticias\/wp-json\/wp\/v2\/users\/1"}],"replies":[{"embeddable":true,"href":"https:\/\/blogdorogeriogomes.com.br\/noticias\/wp-json\/wp\/v2\/comments?post=33018"}],"version-history":[{"count":1,"href":"https:\/\/blogdorogeriogomes.com.br\/noticias\/wp-json\/wp\/v2\/posts\/33018\/revisions"}],"predecessor-version":[{"id":33020,"href":"https:\/\/blogdorogeriogomes.com.br\/noticias\/wp-json\/wp\/v2\/posts\/33018\/revisions\/33020"}],"wp:featuredmedia":[{"embeddable":true,"href":"https:\/\/blogdorogeriogomes.com.br\/noticias\/wp-json\/wp\/v2\/media\/33019"}],"wp:attachment":[{"href":"https:\/\/blogdorogeriogomes.com.br\/noticias\/wp-json\/wp\/v2\/media?parent=33018"}],"wp:term":[{"taxonomy":"category","embeddable":true,"href":"https:\/\/blogdorogeriogomes.com.br\/noticias\/wp-json\/wp\/v2\/categories?post=33018"},{"taxonomy":"post_tag","embeddable":true,"href":"https:\/\/blogdorogeriogomes.com.br\/noticias\/wp-json\/wp\/v2\/tags?post=33018"}],"curies":[{"name":"wp","href":"https:\/\/api.w.org\/{rel}","templated":true}]}}