{"id":33021,"date":"2024-06-20T09:56:34","date_gmt":"2024-06-20T09:56:34","guid":{"rendered":"https:\/\/blogdorogeriogomes.com.br\/noticias\/?p=33021"},"modified":"2024-06-20T09:56:34","modified_gmt":"2024-06-20T09:56:34","slug":"raimundo-gomes-de-matos-pede-desfiliacao-do-pl-apos-defesa-da-reeleicao-de-sarto-em-fortaleza","status":"publish","type":"post","link":"https:\/\/blogdorogeriogomes.com.br\/noticias\/2024\/06\/raimundo-gomes-de-matos-pede-desfiliacao-do-pl-apos-defesa-da-reeleicao-de-sarto-em-fortaleza\/","title":{"rendered":"Raimundo Gomes de Matos pede desfilia\u00e7\u00e3o do PL ap\u00f3s defesa da reelei\u00e7\u00e3o de Sarto em Fortaleza"},"content":{"rendered":"\n<p>O secret\u00e1rio Funda\u00e7\u00e3o da Crian\u00e7a e da Fam\u00edlia Cidad\u00e3 (Funci), Raimundo Gomes de Matos,\u00a0decidiu pedir desfilia\u00e7\u00e3o do PL ap\u00f3s ter defendido a reelei\u00e7\u00e3o do prefeito Jos\u00e9 Sarto (PDT) em Fortaleza. O presidente do PL Cear\u00e1, o deputado estadual Carmelo Neto confirmou a sa\u00edda de Raimundo Gomes de Matos da legenda, que dever\u00e1 ter candidatura pr\u00f3pria na Capital com o deputado federal Andr\u00e9 Fernandes.<\/p>\n\n\n\n<p>\u201cO Partido Liberal \u00e9 oposi\u00e7\u00e3o ao prefeito de Fortaleza e seu modelo de gest\u00e3o. O PL tamb\u00e9m \u00e9 oposi\u00e7\u00e3o aos governos estadual e federal do PT. O Partido Liberal mant\u00e9m a coer\u00eancia em n\u00e3o ter nenhum minist\u00e9rio em Bras\u00edlia e nenhuma secretaria no governo do Cear\u00e1 nem na prefeitura de Fortaleza\u201d, disse Carmelo Neto.<\/p>\n\n\n\n<figure class=\"wp-block-image size-full\"><img loading=\"lazy\" decoding=\"async\" width=\"480\" height=\"269\" src=\"https:\/\/blogdorogeriogomes.com.br\/noticias\/wp-content\/uploads\/2024\/06\/Snapinsta.app_41758026_915338301982663_7542639483916818151_n_1080.jpg\" alt=\"\" class=\"wp-image-33022\" srcset=\"https:\/\/blogdorogeriogomes.com.br\/noticias\/wp-content\/uploads\/2024\/06\/Snapinsta.app_41758026_915338301982663_7542639483916818151_n_1080.jpg 480w, https:\/\/blogdorogeriogomes.com.br\/noticias\/wp-content\/uploads\/2024\/06\/Snapinsta.app_41758026_915338301982663_7542639483916818151_n_1080-300x168.jpg 300w\" sizes=\"auto, (max-width: 480px) 100vw, 480px\" \/><\/figure>\n","protected":false},"excerpt":{"rendered":"<p>O secret\u00e1rio Funda\u00e7\u00e3o da Crian\u00e7a e da Fam\u00edlia Cidad\u00e3 (Funci), Raimundo Gomes de Matos,\u00a0decidiu pedir desfilia\u00e7\u00e3o do PL ap\u00f3s ter defendido a reelei\u00e7\u00e3o do prefeito Jos\u00e9 Sarto (PDT) em Fortaleza. O presidente do PL Cear\u00e1, o deputado estadual Carmelo Neto confirmou a sa\u00edda de Raimundo Gomes de Matos da legenda, que dever\u00e1 ter candidatura pr\u00f3pria na Capital com o deputado federal Andr\u00e9 Fernandes. \u201cO Partido Liberal \u00e9 oposi\u00e7\u00e3o ao prefeito de Fortaleza e seu modelo de gest\u00e3o. O PL&hellip;<\/p>\n","protected":false},"author":1,"featured_media":33022,"comment_status":"open","ping_status":"open","sticky":false,"template":"","format":"standard","meta":{"footnotes":""},"categories":[1],"tags":[],"class_list":["post-33021","post","type-post","status-publish","format-standard","has-post-thumbnail","hentry","category-noticias"],"_links":{"self":[{"href":"https:\/\/blogdorogeriogomes.com.br\/noticias\/wp-json\/wp\/v2\/posts\/33021","targetHints":{"allow":["GET"]}}],"collection":[{"href":"https:\/\/blogdorogeriogomes.com.br\/noticias\/wp-json\/wp\/v2\/posts"}],"about":[{"href":"https:\/\/blogdorogeriogomes.com.br\/noticias\/wp-json\/wp\/v2\/types\/post"}],"author":[{"embeddable":true,"href":"https:\/\/blogdorogeriogomes.com.br\/noticias\/wp-json\/wp\/v2\/users\/1"}],"replies":[{"embeddable":true,"href":"https:\/\/blogdorogeriogomes.com.br\/noticias\/wp-json\/wp\/v2\/comments?post=33021"}],"version-history":[{"count":1,"href":"https:\/\/blogdorogeriogomes.com.br\/noticias\/wp-json\/wp\/v2\/posts\/33021\/revisions"}],"predecessor-version":[{"id":33023,"href":"https:\/\/blogdorogeriogomes.com.br\/noticias\/wp-json\/wp\/v2\/posts\/33021\/revisions\/33023"}],"wp:featuredmedia":[{"embeddable":true,"href":"https:\/\/blogdorogeriogomes.com.br\/noticias\/wp-json\/wp\/v2\/media\/33022"}],"wp:attachment":[{"href":"https:\/\/blogdorogeriogomes.com.br\/noticias\/wp-json\/wp\/v2\/media?parent=33021"}],"wp:term":[{"taxonomy":"category","embeddable":true,"href":"https:\/\/blogdorogeriogomes.com.br\/noticias\/wp-json\/wp\/v2\/categories?post=33021"},{"taxonomy":"post_tag","embeddable":true,"href":"https:\/\/blogdorogeriogomes.com.br\/noticias\/wp-json\/wp\/v2\/tags?post=33021"}],"curies":[{"name":"wp","href":"https:\/\/api.w.org\/{rel}","templated":true}]}}