{"id":33024,"date":"2024-06-20T10:06:02","date_gmt":"2024-06-20T10:06:02","guid":{"rendered":"https:\/\/blogdorogeriogomes.com.br\/noticias\/?p=33024"},"modified":"2024-06-20T10:06:03","modified_gmt":"2024-06-20T10:06:03","slug":"professores-e-tecnicos-do-ifce-aceitam-proposta-do-governo-federal-e-greve-deve-ser-encerrada","status":"publish","type":"post","link":"https:\/\/blogdorogeriogomes.com.br\/noticias\/2024\/06\/professores-e-tecnicos-do-ifce-aceitam-proposta-do-governo-federal-e-greve-deve-ser-encerrada\/","title":{"rendered":"Professores e t\u00e9cnicos do IFCE aceitam proposta do Governo Federal e greve deve ser encerrada"},"content":{"rendered":"\n<p>Na v\u00e9spera da vinda do presidente Lula ao Cear\u00e1, professores e t\u00e9cnicos do Instituto Federal de Educa\u00e7\u00e3o, Ci\u00eancia e Tecnologia do Cear\u00e1 (IFCE) decidiram aceitar\u00a0as propostas que foram apresentadas pelo\u00a0Governo Federal. A decis\u00e3o foi tomada durante assembleia realizada\u00a0nesta quarta-feira, dia 19 de junho, e pode encerrar a greve, deflagrada em abril passado.\u00a0A assembleia avaliou que propostas foram ben\u00e9ficas, apesar de ainda haver cr\u00edticas no quesito salarial.<\/p>\n\n\n\n<p>De acordo com informa\u00e7\u00f5es do Sindicato dos Servidores do Instituto Federal de Educa\u00e7\u00e3o, Ci\u00eancia e Tecnologia do Estado (Siindsifce), posi\u00e7\u00e3o ser\u00e1 repassada para\u00a0o Comando Nacional de Greve Plen\u00e1ria Nacional, e demais sess\u00f5es nacionais, em assembleias realizadas\u00a0nos dias 21 e 22\u00a0deste m\u00eas. A greve s\u00f3 termina quando for assinado um acordo entre a entidade e o Governo Federal.<br><\/p>\n\n\n\n<figure class=\"wp-block-image size-full\"><img loading=\"lazy\" decoding=\"async\" width=\"418\" height=\"314\" src=\"https:\/\/blogdorogeriogomes.com.br\/noticias\/wp-content\/uploads\/2024\/06\/IFCE.jpg\" alt=\"\" class=\"wp-image-33025\" srcset=\"https:\/\/blogdorogeriogomes.com.br\/noticias\/wp-content\/uploads\/2024\/06\/IFCE.jpg 418w, https:\/\/blogdorogeriogomes.com.br\/noticias\/wp-content\/uploads\/2024\/06\/IFCE-300x225.jpg 300w, https:\/\/blogdorogeriogomes.com.br\/noticias\/wp-content\/uploads\/2024\/06\/IFCE-400x300.jpg 400w\" sizes=\"auto, (max-width: 418px) 100vw, 418px\" \/><\/figure>\n","protected":false},"excerpt":{"rendered":"<p>Na v\u00e9spera da vinda do presidente Lula ao Cear\u00e1, professores e t\u00e9cnicos do Instituto Federal de Educa\u00e7\u00e3o, Ci\u00eancia e Tecnologia do Cear\u00e1 (IFCE) decidiram aceitar\u00a0as propostas que foram apresentadas pelo\u00a0Governo Federal. A decis\u00e3o foi tomada durante assembleia realizada\u00a0nesta quarta-feira, dia 19 de junho, e pode encerrar a greve, deflagrada em abril passado.\u00a0A assembleia avaliou que propostas foram ben\u00e9ficas, apesar de ainda haver cr\u00edticas no quesito salarial. De acordo com informa\u00e7\u00f5es do Sindicato dos Servidores do Instituto Federal de Educa\u00e7\u00e3o,&hellip;<\/p>\n","protected":false},"author":1,"featured_media":33025,"comment_status":"open","ping_status":"open","sticky":false,"template":"","format":"standard","meta":{"footnotes":""},"categories":[1],"tags":[],"class_list":["post-33024","post","type-post","status-publish","format-standard","has-post-thumbnail","hentry","category-noticias"],"_links":{"self":[{"href":"https:\/\/blogdorogeriogomes.com.br\/noticias\/wp-json\/wp\/v2\/posts\/33024","targetHints":{"allow":["GET"]}}],"collection":[{"href":"https:\/\/blogdorogeriogomes.com.br\/noticias\/wp-json\/wp\/v2\/posts"}],"about":[{"href":"https:\/\/blogdorogeriogomes.com.br\/noticias\/wp-json\/wp\/v2\/types\/post"}],"author":[{"embeddable":true,"href":"https:\/\/blogdorogeriogomes.com.br\/noticias\/wp-json\/wp\/v2\/users\/1"}],"replies":[{"embeddable":true,"href":"https:\/\/blogdorogeriogomes.com.br\/noticias\/wp-json\/wp\/v2\/comments?post=33024"}],"version-history":[{"count":1,"href":"https:\/\/blogdorogeriogomes.com.br\/noticias\/wp-json\/wp\/v2\/posts\/33024\/revisions"}],"predecessor-version":[{"id":33026,"href":"https:\/\/blogdorogeriogomes.com.br\/noticias\/wp-json\/wp\/v2\/posts\/33024\/revisions\/33026"}],"wp:featuredmedia":[{"embeddable":true,"href":"https:\/\/blogdorogeriogomes.com.br\/noticias\/wp-json\/wp\/v2\/media\/33025"}],"wp:attachment":[{"href":"https:\/\/blogdorogeriogomes.com.br\/noticias\/wp-json\/wp\/v2\/media?parent=33024"}],"wp:term":[{"taxonomy":"category","embeddable":true,"href":"https:\/\/blogdorogeriogomes.com.br\/noticias\/wp-json\/wp\/v2\/categories?post=33024"},{"taxonomy":"post_tag","embeddable":true,"href":"https:\/\/blogdorogeriogomes.com.br\/noticias\/wp-json\/wp\/v2\/tags?post=33024"}],"curies":[{"name":"wp","href":"https:\/\/api.w.org\/{rel}","templated":true}]}}