{"id":33027,"date":"2024-06-20T10:15:23","date_gmt":"2024-06-20T10:15:23","guid":{"rendered":"https:\/\/blogdorogeriogomes.com.br\/noticias\/?p=33027"},"modified":"2024-06-20T10:15:23","modified_gmt":"2024-06-20T10:15:23","slug":"senado-aprova-nova-reforma-do-ensino-medio-texto-volta-agora-para-analise-da-camara-federal","status":"publish","type":"post","link":"https:\/\/blogdorogeriogomes.com.br\/noticias\/2024\/06\/senado-aprova-nova-reforma-do-ensino-medio-texto-volta-agora-para-analise-da-camara-federal\/","title":{"rendered":"Senado aprova nova reforma do Ensino M\u00e9dio. Texto volta agora para an\u00e1lise da C\u00e2mara Federal"},"content":{"rendered":"\n<p>Sete anos depois da aprova\u00e7\u00e3o do Novo Ensino M\u00e9dio, o Senado decidiu por mudan\u00e7as no curr\u00edculo dos tr\u00eas anos finais da educa\u00e7\u00e3o b\u00e1sica. O Plen\u00e1rio aprovou nesta quarta-feira, dia 19 de junho, em vota\u00e7\u00e3o simb\u00f3lica, o PL 5.230\/2023, uma alternativa apresentada pelo governo para substituir o modelo institu\u00eddo durante a gest\u00e3o de Michel Temer. A aprova\u00e7\u00e3o foi uma vit\u00f3ria para o atual ministro da Educa\u00e7\u00e3o, Camilo Santana (PT).<\/p>\n\n\n\n<p>O Projeto prev\u00ea a amplia\u00e7\u00e3o da carga hor\u00e1ria m\u00ednima total destinada \u00e0 forma\u00e7\u00e3o geral b\u00e1sica das atuais 1.800 para 2.400 horas, e a explicita\u00e7\u00e3o de quais componentes curriculares fazem parte de cada uma das \u00e1reas do conhecimento.\u00a0<\/p>\n\n\n\n<p>A proposta que estabelece o novo modelo para o Ensino M\u00e9dio tamb\u00e9m aumenta a carga hor\u00e1ria de aulas, fortalece a forma\u00e7\u00e3o geral b\u00e1sica e muda as regras para os itiner\u00e1rios formativos, que s\u00e3o disciplinas, projetos, oficinas e n\u00facleos de estudo que os estudantes podem escolher nos tr\u00eas anos da \u00faltima etapa da educa\u00e7\u00e3o b\u00e1sica.<\/p>\n\n\n\n<figure class=\"wp-block-image size-large\"><img loading=\"lazy\" decoding=\"async\" width=\"1024\" height=\"394\" src=\"https:\/\/blogdorogeriogomes.com.br\/noticias\/wp-content\/uploads\/2024\/06\/20230601040636_9bf282f92307be874e1d467113ceebbda2ac2b1f1299205046fa4184e33e7fd6-1024x394.webp\" alt=\"\" class=\"wp-image-33028\" srcset=\"https:\/\/blogdorogeriogomes.com.br\/noticias\/wp-content\/uploads\/2024\/06\/20230601040636_9bf282f92307be874e1d467113ceebbda2ac2b1f1299205046fa4184e33e7fd6-1024x394.webp 1024w, https:\/\/blogdorogeriogomes.com.br\/noticias\/wp-content\/uploads\/2024\/06\/20230601040636_9bf282f92307be874e1d467113ceebbda2ac2b1f1299205046fa4184e33e7fd6-300x115.webp 300w, https:\/\/blogdorogeriogomes.com.br\/noticias\/wp-content\/uploads\/2024\/06\/20230601040636_9bf282f92307be874e1d467113ceebbda2ac2b1f1299205046fa4184e33e7fd6-768x295.webp 768w, https:\/\/blogdorogeriogomes.com.br\/noticias\/wp-content\/uploads\/2024\/06\/20230601040636_9bf282f92307be874e1d467113ceebbda2ac2b1f1299205046fa4184e33e7fd6-800x308.webp 800w, https:\/\/blogdorogeriogomes.com.br\/noticias\/wp-content\/uploads\/2024\/06\/20230601040636_9bf282f92307be874e1d467113ceebbda2ac2b1f1299205046fa4184e33e7fd6.webp 1282w\" sizes=\"auto, (max-width: 1024px) 100vw, 1024px\" \/><\/figure>\n","protected":false},"excerpt":{"rendered":"<p>Sete anos depois da aprova\u00e7\u00e3o do Novo Ensino M\u00e9dio, o Senado decidiu por mudan\u00e7as no curr\u00edculo dos tr\u00eas anos finais da educa\u00e7\u00e3o b\u00e1sica. O Plen\u00e1rio aprovou nesta quarta-feira, dia 19 de junho, em vota\u00e7\u00e3o simb\u00f3lica, o PL 5.230\/2023, uma alternativa apresentada pelo governo para substituir o modelo institu\u00eddo durante a gest\u00e3o de Michel Temer. A aprova\u00e7\u00e3o foi uma vit\u00f3ria para o atual ministro da Educa\u00e7\u00e3o, Camilo Santana (PT). O Projeto prev\u00ea a amplia\u00e7\u00e3o da carga hor\u00e1ria m\u00ednima total destinada&hellip;<\/p>\n","protected":false},"author":1,"featured_media":33028,"comment_status":"open","ping_status":"open","sticky":false,"template":"","format":"standard","meta":{"footnotes":""},"categories":[1],"tags":[],"class_list":["post-33027","post","type-post","status-publish","format-standard","has-post-thumbnail","hentry","category-noticias"],"_links":{"self":[{"href":"https:\/\/blogdorogeriogomes.com.br\/noticias\/wp-json\/wp\/v2\/posts\/33027","targetHints":{"allow":["GET"]}}],"collection":[{"href":"https:\/\/blogdorogeriogomes.com.br\/noticias\/wp-json\/wp\/v2\/posts"}],"about":[{"href":"https:\/\/blogdorogeriogomes.com.br\/noticias\/wp-json\/wp\/v2\/types\/post"}],"author":[{"embeddable":true,"href":"https:\/\/blogdorogeriogomes.com.br\/noticias\/wp-json\/wp\/v2\/users\/1"}],"replies":[{"embeddable":true,"href":"https:\/\/blogdorogeriogomes.com.br\/noticias\/wp-json\/wp\/v2\/comments?post=33027"}],"version-history":[{"count":1,"href":"https:\/\/blogdorogeriogomes.com.br\/noticias\/wp-json\/wp\/v2\/posts\/33027\/revisions"}],"predecessor-version":[{"id":33029,"href":"https:\/\/blogdorogeriogomes.com.br\/noticias\/wp-json\/wp\/v2\/posts\/33027\/revisions\/33029"}],"wp:featuredmedia":[{"embeddable":true,"href":"https:\/\/blogdorogeriogomes.com.br\/noticias\/wp-json\/wp\/v2\/media\/33028"}],"wp:attachment":[{"href":"https:\/\/blogdorogeriogomes.com.br\/noticias\/wp-json\/wp\/v2\/media?parent=33027"}],"wp:term":[{"taxonomy":"category","embeddable":true,"href":"https:\/\/blogdorogeriogomes.com.br\/noticias\/wp-json\/wp\/v2\/categories?post=33027"},{"taxonomy":"post_tag","embeddable":true,"href":"https:\/\/blogdorogeriogomes.com.br\/noticias\/wp-json\/wp\/v2\/tags?post=33027"}],"curies":[{"name":"wp","href":"https:\/\/api.w.org\/{rel}","templated":true}]}}