{"id":33036,"date":"2024-06-20T15:43:55","date_gmt":"2024-06-20T15:43:55","guid":{"rendered":"https:\/\/blogdorogeriogomes.com.br\/noticias\/?p=33036"},"modified":"2024-06-20T15:43:56","modified_gmt":"2024-06-20T15:43:56","slug":"incendio-atinge-predio-da-assembleia-legislativa-em-fortaleza","status":"publish","type":"post","link":"https:\/\/blogdorogeriogomes.com.br\/noticias\/2024\/06\/incendio-atinge-predio-da-assembleia-legislativa-em-fortaleza\/","title":{"rendered":"Inc\u00eandio atinge pr\u00e9dio da Assembleia Legislativa em Fortaleza"},"content":{"rendered":"\n<p>O pr\u00e9dio da Assembleia Legislativa do Cear\u00e1 \u00e9 atingido por um inc\u00eandio, na manh\u00e3 desta quinta-feira, dia 20 de junho. Os bombeiros est\u00e3o na Avenida Desembargador Moreira, no bairro Dion\u00edsio Torres, para combater as chamas que atingem o Plen\u00e1rio 13 de Maio. O pr\u00e9dio foi evacuado.<\/p>\n\n\n\n<p>Equipes da Pol\u00edcia Militar interditaram o trecho da Avenida Desembargador Moreira, entre a Avenida Pontes Vieira e a Rua Francisco Holanda. Ve\u00edculos do Corpo de Bombeiros est\u00e3o no local para o combate ao fogo.<\/p>\n\n\n\n<figure class=\"wp-block-image size-large\"><img loading=\"lazy\" decoding=\"async\" width=\"805\" height=\"1024\" src=\"https:\/\/blogdorogeriogomes.com.br\/noticias\/wp-content\/uploads\/2024\/06\/IMG-20240620-WA00962-805x1024.jpg\" alt=\"\" class=\"wp-image-33035\" srcset=\"https:\/\/blogdorogeriogomes.com.br\/noticias\/wp-content\/uploads\/2024\/06\/IMG-20240620-WA00962-805x1024.jpg 805w, https:\/\/blogdorogeriogomes.com.br\/noticias\/wp-content\/uploads\/2024\/06\/IMG-20240620-WA00962-236x300.jpg 236w, https:\/\/blogdorogeriogomes.com.br\/noticias\/wp-content\/uploads\/2024\/06\/IMG-20240620-WA00962-768x977.jpg 768w, https:\/\/blogdorogeriogomes.com.br\/noticias\/wp-content\/uploads\/2024\/06\/IMG-20240620-WA00962-800x1018.jpg 800w, https:\/\/blogdorogeriogomes.com.br\/noticias\/wp-content\/uploads\/2024\/06\/IMG-20240620-WA00962.jpg 1080w\" sizes=\"auto, (max-width: 805px) 100vw, 805px\" \/><\/figure>\n","protected":false},"excerpt":{"rendered":"<p>O pr\u00e9dio da Assembleia Legislativa do Cear\u00e1 \u00e9 atingido por um inc\u00eandio, na manh\u00e3 desta quinta-feira, dia 20 de junho. Os bombeiros est\u00e3o na Avenida Desembargador Moreira, no bairro Dion\u00edsio Torres, para combater as chamas que atingem o Plen\u00e1rio 13 de Maio. O pr\u00e9dio foi evacuado. Equipes da Pol\u00edcia Militar interditaram o trecho da Avenida Desembargador Moreira, entre a Avenida Pontes Vieira e a Rua Francisco Holanda. Ve\u00edculos do Corpo de Bombeiros est\u00e3o no local para o combate ao&hellip;<\/p>\n","protected":false},"author":1,"featured_media":33035,"comment_status":"open","ping_status":"open","sticky":false,"template":"","format":"standard","meta":{"footnotes":""},"categories":[1],"tags":[],"class_list":["post-33036","post","type-post","status-publish","format-standard","has-post-thumbnail","hentry","category-noticias"],"_links":{"self":[{"href":"https:\/\/blogdorogeriogomes.com.br\/noticias\/wp-json\/wp\/v2\/posts\/33036","targetHints":{"allow":["GET"]}}],"collection":[{"href":"https:\/\/blogdorogeriogomes.com.br\/noticias\/wp-json\/wp\/v2\/posts"}],"about":[{"href":"https:\/\/blogdorogeriogomes.com.br\/noticias\/wp-json\/wp\/v2\/types\/post"}],"author":[{"embeddable":true,"href":"https:\/\/blogdorogeriogomes.com.br\/noticias\/wp-json\/wp\/v2\/users\/1"}],"replies":[{"embeddable":true,"href":"https:\/\/blogdorogeriogomes.com.br\/noticias\/wp-json\/wp\/v2\/comments?post=33036"}],"version-history":[{"count":1,"href":"https:\/\/blogdorogeriogomes.com.br\/noticias\/wp-json\/wp\/v2\/posts\/33036\/revisions"}],"predecessor-version":[{"id":33037,"href":"https:\/\/blogdorogeriogomes.com.br\/noticias\/wp-json\/wp\/v2\/posts\/33036\/revisions\/33037"}],"wp:featuredmedia":[{"embeddable":true,"href":"https:\/\/blogdorogeriogomes.com.br\/noticias\/wp-json\/wp\/v2\/media\/33035"}],"wp:attachment":[{"href":"https:\/\/blogdorogeriogomes.com.br\/noticias\/wp-json\/wp\/v2\/media?parent=33036"}],"wp:term":[{"taxonomy":"category","embeddable":true,"href":"https:\/\/blogdorogeriogomes.com.br\/noticias\/wp-json\/wp\/v2\/categories?post=33036"},{"taxonomy":"post_tag","embeddable":true,"href":"https:\/\/blogdorogeriogomes.com.br\/noticias\/wp-json\/wp\/v2\/tags?post=33036"}],"curies":[{"name":"wp","href":"https:\/\/api.w.org\/{rel}","templated":true}]}}