{"id":33041,"date":"2024-06-21T11:33:04","date_gmt":"2024-06-21T11:33:04","guid":{"rendered":"https:\/\/blogdorogeriogomes.com.br\/noticias\/?p=33041"},"modified":"2024-06-21T11:33:05","modified_gmt":"2024-06-21T11:33:05","slug":"evandro-leitao-anuncia-licitacao-para-recuperar-plenario-da-assembleia-legislativa-atingido-por-incendio","status":"publish","type":"post","link":"https:\/\/blogdorogeriogomes.com.br\/noticias\/2024\/06\/evandro-leitao-anuncia-licitacao-para-recuperar-plenario-da-assembleia-legislativa-atingido-por-incendio\/","title":{"rendered":"Evandro Leit\u00e3o anuncia licita\u00e7\u00e3o para recuperar plen\u00e1rio da Assembleia Legislativa atingido por inc\u00eandio"},"content":{"rendered":"\n<p>Ap\u00f3s o controle do fogo que atingiu o plen\u00e1rio da Assembleia Legislativa do Cear\u00e1, o momento \u00e9 de levantamento dos preju\u00edzos e j\u00e1 pensar na reforma. Em coletiva \u00e0 imprensa, o presidente da Assembleia Legislativa, deputado Evandro Leit\u00e3o (PT), informou que os trabalhos da Casa n\u00e3o ser\u00e3o interrompidos ap\u00f3s inc\u00eandio que atingiu o Plen\u00e1rio 13 de Maio.<\/p>\n\n\n\n<p>Os servi\u00e7os oferecidos nos anexos do Poder Legislativo continuam normalmente, de forma presencial. J\u00e1 as sess\u00f5es plen\u00e1rias v\u00e3o acontecer de forma virtual, por meio do Sistema de Delibera\u00e7\u00e3o Remota.<\/p>\n\n\n\n<p>O presidente do Legislativo informou que todos os servi\u00e7os de cidadania, como a Procuradoria Especial da Mulher, Escola Superior do Parlamento Cearense (Unipace), Centro Inclusivo para Atendimento e Desenvolvimento Infantil (Ciadi), entre outras a\u00e7\u00f5es, continuar\u00e3o sendo prestados normalmente. Apenas o pr\u00e9dio sede da Alece permanece isolado nesta sexta-feira, dia 21.<\/p>\n\n\n\n<p>\u201cN\u00f3s, os parlamentares desta Casa, conversamos e tomamos a primeira decis\u00e3o de que a Alece n\u00e3o vai parar. Vamos realizar as sess\u00f5es plen\u00e1rias de forma remota. A segunda decis\u00e3o \u00e9 que vamos imediatamente iniciar a reforma. Vamos lan\u00e7ar um edital de licita\u00e7\u00e3o. Em um prazo m\u00e1ximo de 90 ou 120 dias, pretendemos estar com nosso Plen\u00e1rio em condi\u00e7\u00e3o de trabalho\u201d, afirmou Evandro Leit\u00e3o.<\/p>\n\n\n\n<figure class=\"wp-block-image size-full\"><img loading=\"lazy\" decoding=\"async\" width=\"506\" height=\"360\" src=\"https:\/\/blogdorogeriogomes.com.br\/noticias\/wp-content\/uploads\/2024\/06\/1_coletiva_imprensa_alece_incendio_plennario_13_de_maio-27607557.webp\" alt=\"\" class=\"wp-image-33042\" srcset=\"https:\/\/blogdorogeriogomes.com.br\/noticias\/wp-content\/uploads\/2024\/06\/1_coletiva_imprensa_alece_incendio_plennario_13_de_maio-27607557.webp 506w, https:\/\/blogdorogeriogomes.com.br\/noticias\/wp-content\/uploads\/2024\/06\/1_coletiva_imprensa_alece_incendio_plennario_13_de_maio-27607557-300x213.webp 300w\" sizes=\"auto, (max-width: 506px) 100vw, 506px\" \/><\/figure>\n\n\n\n<p><\/p>\n\n\n\n<p><\/p>\n\n\n\n<p><\/p>\n\n\n\n<p><\/p>\n\n\n\n<p><\/p>\n","protected":false},"excerpt":{"rendered":"<p>Ap\u00f3s o controle do fogo que atingiu o plen\u00e1rio da Assembleia Legislativa do Cear\u00e1, o momento \u00e9 de levantamento dos preju\u00edzos e j\u00e1 pensar na reforma. Em coletiva \u00e0 imprensa, o presidente da Assembleia Legislativa, deputado Evandro Leit\u00e3o (PT), informou que os trabalhos da Casa n\u00e3o ser\u00e3o interrompidos ap\u00f3s inc\u00eandio que atingiu o Plen\u00e1rio 13 de Maio. Os servi\u00e7os oferecidos nos anexos do Poder Legislativo continuam normalmente, de forma presencial. J\u00e1 as sess\u00f5es plen\u00e1rias v\u00e3o acontecer de forma virtual,&hellip;<\/p>\n","protected":false},"author":1,"featured_media":33042,"comment_status":"open","ping_status":"open","sticky":false,"template":"","format":"standard","meta":{"footnotes":""},"categories":[1],"tags":[],"class_list":["post-33041","post","type-post","status-publish","format-standard","has-post-thumbnail","hentry","category-noticias"],"_links":{"self":[{"href":"https:\/\/blogdorogeriogomes.com.br\/noticias\/wp-json\/wp\/v2\/posts\/33041","targetHints":{"allow":["GET"]}}],"collection":[{"href":"https:\/\/blogdorogeriogomes.com.br\/noticias\/wp-json\/wp\/v2\/posts"}],"about":[{"href":"https:\/\/blogdorogeriogomes.com.br\/noticias\/wp-json\/wp\/v2\/types\/post"}],"author":[{"embeddable":true,"href":"https:\/\/blogdorogeriogomes.com.br\/noticias\/wp-json\/wp\/v2\/users\/1"}],"replies":[{"embeddable":true,"href":"https:\/\/blogdorogeriogomes.com.br\/noticias\/wp-json\/wp\/v2\/comments?post=33041"}],"version-history":[{"count":1,"href":"https:\/\/blogdorogeriogomes.com.br\/noticias\/wp-json\/wp\/v2\/posts\/33041\/revisions"}],"predecessor-version":[{"id":33043,"href":"https:\/\/blogdorogeriogomes.com.br\/noticias\/wp-json\/wp\/v2\/posts\/33041\/revisions\/33043"}],"wp:featuredmedia":[{"embeddable":true,"href":"https:\/\/blogdorogeriogomes.com.br\/noticias\/wp-json\/wp\/v2\/media\/33042"}],"wp:attachment":[{"href":"https:\/\/blogdorogeriogomes.com.br\/noticias\/wp-json\/wp\/v2\/media?parent=33041"}],"wp:term":[{"taxonomy":"category","embeddable":true,"href":"https:\/\/blogdorogeriogomes.com.br\/noticias\/wp-json\/wp\/v2\/categories?post=33041"},{"taxonomy":"post_tag","embeddable":true,"href":"https:\/\/blogdorogeriogomes.com.br\/noticias\/wp-json\/wp\/v2\/tags?post=33041"}],"curies":[{"name":"wp","href":"https:\/\/api.w.org\/{rel}","templated":true}]}}