{"id":33065,"date":"2024-06-24T10:48:54","date_gmt":"2024-06-24T10:48:54","guid":{"rendered":"https:\/\/blogdorogeriogomes.com.br\/noticias\/?p=33065"},"modified":"2024-06-24T10:48:54","modified_gmt":"2024-06-24T10:48:54","slug":"base-do-governo-na-assembleia-legislativa-classifica-de-politica-rasteira-as-criticas-sobre-seguranca-publica-feitas-pela-oposicao-a-elmano-de-freitas","status":"publish","type":"post","link":"https:\/\/blogdorogeriogomes.com.br\/noticias\/2024\/06\/base-do-governo-na-assembleia-legislativa-classifica-de-politica-rasteira-as-criticas-sobre-seguranca-publica-feitas-pela-oposicao-a-elmano-de-freitas\/","title":{"rendered":"Base do Governo na Assembleia Legislativa classifica de &#8220;pol\u00edtica rasteira&#8221; as cr\u00edticas sobre seguran\u00e7a p\u00fablica feitas pela oposi\u00e7\u00e3o a Elmano de Freitas"},"content":{"rendered":"\n<p>As \u00faltimas 48 horas t\u00eam sido de embates nas redes sociais com v\u00e1rios pol\u00edticos de oposi\u00e7\u00e3o fazendo cr\u00edticas \u00e0 pol\u00edtica de seguran\u00e7a p\u00fablica do governador Elmano de Freitas (PT). Os casos de viol\u00eancia envolvendo briga de fac\u00e7\u00f5es criminosas em Fortaleza e no interior alimentam as cr\u00edticas dos opositores como o atual prefeito de Fortaleza, Jos\u00e9 Sarto (PT), do ex-prefeito da Capital, Roberto Cl\u00e1udio (PDT) e do ex-deputado federal Capit\u00e3o Wagner (Uni\u00e3o Brasil).<\/p>\n\n\n\n<p>A base do Governo na Assembleia Legislativa do Cear\u00e1 saiu em defesa de Elmano de Freitas. &#8220;Quero reiterar que \u00e9 hora de acabar a politicagem rasteira, com &#8216;p&#8217; min\u00fasculo, dissemina\u00e7\u00e3o de fake news e oportunismo partid\u00e1rio eleitoral. \u00c9 hora de nos unirmos para que juntos ven\u00e7amos esse imenso desafio&#8221;, escreveu nas redes sociais&#8221;, destacou o l\u00edder do Governo na Alece, Romeu Aldigueri.<\/p>\n\n\n\n<p>&#8220;Lament\u00e1vel que alguns oportunistas se aproveitem desse momento de dor das fam\u00edlias para tentar tirar proveito pol\u00edtico. N\u00e3o ajudam em nada e ainda torcem pelo caos. N\u00e3o conseguir\u00e3o&#8221;, acrescentou o presidente da Assembleia Legislativa, Evandro Leit\u00e3o. <\/p>\n\n\n\n<figure class=\"wp-block-image size-full\"><img loading=\"lazy\" decoding=\"async\" width=\"720\" height=\"426\" src=\"https:\/\/blogdorogeriogomes.com.br\/noticias\/wp-content\/uploads\/2024\/06\/images-56.jpeg\" alt=\"\" class=\"wp-image-33066\" srcset=\"https:\/\/blogdorogeriogomes.com.br\/noticias\/wp-content\/uploads\/2024\/06\/images-56.jpeg 720w, https:\/\/blogdorogeriogomes.com.br\/noticias\/wp-content\/uploads\/2024\/06\/images-56-300x178.jpeg 300w\" sizes=\"auto, (max-width: 720px) 100vw, 720px\" \/><\/figure>\n\n\n\n<p><br><\/p>\n","protected":false},"excerpt":{"rendered":"<p>As \u00faltimas 48 horas t\u00eam sido de embates nas redes sociais com v\u00e1rios pol\u00edticos de oposi\u00e7\u00e3o fazendo cr\u00edticas \u00e0 pol\u00edtica de seguran\u00e7a p\u00fablica do governador Elmano de Freitas (PT). Os casos de viol\u00eancia envolvendo briga de fac\u00e7\u00f5es criminosas em Fortaleza e no interior alimentam as cr\u00edticas dos opositores como o atual prefeito de Fortaleza, Jos\u00e9 Sarto (PT), do ex-prefeito da Capital, Roberto Cl\u00e1udio (PDT) e do ex-deputado federal Capit\u00e3o Wagner (Uni\u00e3o Brasil). A base do Governo na Assembleia Legislativa&hellip;<\/p>\n","protected":false},"author":1,"featured_media":33066,"comment_status":"open","ping_status":"open","sticky":false,"template":"","format":"standard","meta":{"footnotes":""},"categories":[1],"tags":[],"class_list":["post-33065","post","type-post","status-publish","format-standard","has-post-thumbnail","hentry","category-noticias"],"_links":{"self":[{"href":"https:\/\/blogdorogeriogomes.com.br\/noticias\/wp-json\/wp\/v2\/posts\/33065","targetHints":{"allow":["GET"]}}],"collection":[{"href":"https:\/\/blogdorogeriogomes.com.br\/noticias\/wp-json\/wp\/v2\/posts"}],"about":[{"href":"https:\/\/blogdorogeriogomes.com.br\/noticias\/wp-json\/wp\/v2\/types\/post"}],"author":[{"embeddable":true,"href":"https:\/\/blogdorogeriogomes.com.br\/noticias\/wp-json\/wp\/v2\/users\/1"}],"replies":[{"embeddable":true,"href":"https:\/\/blogdorogeriogomes.com.br\/noticias\/wp-json\/wp\/v2\/comments?post=33065"}],"version-history":[{"count":1,"href":"https:\/\/blogdorogeriogomes.com.br\/noticias\/wp-json\/wp\/v2\/posts\/33065\/revisions"}],"predecessor-version":[{"id":33067,"href":"https:\/\/blogdorogeriogomes.com.br\/noticias\/wp-json\/wp\/v2\/posts\/33065\/revisions\/33067"}],"wp:featuredmedia":[{"embeddable":true,"href":"https:\/\/blogdorogeriogomes.com.br\/noticias\/wp-json\/wp\/v2\/media\/33066"}],"wp:attachment":[{"href":"https:\/\/blogdorogeriogomes.com.br\/noticias\/wp-json\/wp\/v2\/media?parent=33065"}],"wp:term":[{"taxonomy":"category","embeddable":true,"href":"https:\/\/blogdorogeriogomes.com.br\/noticias\/wp-json\/wp\/v2\/categories?post=33065"},{"taxonomy":"post_tag","embeddable":true,"href":"https:\/\/blogdorogeriogomes.com.br\/noticias\/wp-json\/wp\/v2\/tags?post=33065"}],"curies":[{"name":"wp","href":"https:\/\/api.w.org\/{rel}","templated":true}]}}