{"id":33068,"date":"2024-06-24T10:58:57","date_gmt":"2024-06-24T10:58:57","guid":{"rendered":"https:\/\/blogdorogeriogomes.com.br\/noticias\/?p=33068"},"modified":"2024-06-24T10:58:58","modified_gmt":"2024-06-24T10:58:58","slug":"prefeito-jose-sarto-participa-do-lancamento-da-pedra-fundamental-do-primeiro-data-center-da-scala-em-fortaleza","status":"publish","type":"post","link":"https:\/\/blogdorogeriogomes.com.br\/noticias\/2024\/06\/prefeito-jose-sarto-participa-do-lancamento-da-pedra-fundamental-do-primeiro-data-center-da-scala-em-fortaleza\/","title":{"rendered":"Prefeito Jos\u00e9 Sarto participa do lan\u00e7amento da pedra fundamental do primeiro data center da Scala em Fortaleza"},"content":{"rendered":"\n<p>O prefeito de Fortaleza, Jos\u00e9 Sarto, participa, nesta ter\u00e7a-feira, dia 25 de junho, do lan\u00e7amento da pedra fundamental do primeiro data center da Scala em Fortaleza. O evento marca a chegada da empresa Scala na regi\u00e3o Nordeste, um passo importante na expans\u00e3o da infraestrutura tecnol\u00f3gica e no desenvolvimento econ\u00f4mico local.<\/p>\n\n\n\n<p>Na ocasi\u00e3o, estar\u00e3o presentes o CEO e cofundador, Marcos Peigo; e do vice-presidente S\u00eanior de Desenvolvimento Corporativo, Luciano Fialho. Durante a cerim\u00f4nia, ser\u00e1 realizado o in\u00edcio simb\u00f3lico das obras do data center, que vai receber um investimento de R$ 1 bilh\u00e3o de reais a ser aplicado na constru\u00e7\u00e3o de dois edif\u00edcios de data centers e uma subesta\u00e7\u00e3o.<\/p>\n\n\n\n<p>A cifra ser\u00e1 aplicada pela Scala, empresa que assina diversos projetos de data centers no Brasil e na Am\u00e9rica Latina, com previs\u00e3o de gerar 700 empregos durante a constru\u00e7\u00e3o e 60 na fase de opera\u00e7\u00e3o.<\/p>\n\n\n\n<figure class=\"wp-block-image size-large\"><img loading=\"lazy\" decoding=\"async\" width=\"1024\" height=\"550\" src=\"https:\/\/blogdorogeriogomes.com.br\/noticias\/wp-content\/uploads\/2024\/06\/Projeto-Data-Center-Scala-1024x550.jpg\" alt=\"\" class=\"wp-image-33069\" srcset=\"https:\/\/blogdorogeriogomes.com.br\/noticias\/wp-content\/uploads\/2024\/06\/Projeto-Data-Center-Scala-1024x550.jpg 1024w, https:\/\/blogdorogeriogomes.com.br\/noticias\/wp-content\/uploads\/2024\/06\/Projeto-Data-Center-Scala-300x161.jpg 300w, https:\/\/blogdorogeriogomes.com.br\/noticias\/wp-content\/uploads\/2024\/06\/Projeto-Data-Center-Scala-768x412.jpg 768w, https:\/\/blogdorogeriogomes.com.br\/noticias\/wp-content\/uploads\/2024\/06\/Projeto-Data-Center-Scala-800x429.jpg 800w, https:\/\/blogdorogeriogomes.com.br\/noticias\/wp-content\/uploads\/2024\/06\/Projeto-Data-Center-Scala.jpg 1280w\" sizes=\"auto, (max-width: 1024px) 100vw, 1024px\" \/><\/figure>\n\n\n\n<p> <\/p>\n","protected":false},"excerpt":{"rendered":"<p>O prefeito de Fortaleza, Jos\u00e9 Sarto, participa, nesta ter\u00e7a-feira, dia 25 de junho, do lan\u00e7amento da pedra fundamental do primeiro data center da Scala em Fortaleza. O evento marca a chegada da empresa Scala na regi\u00e3o Nordeste, um passo importante na expans\u00e3o da infraestrutura tecnol\u00f3gica e no desenvolvimento econ\u00f4mico local. Na ocasi\u00e3o, estar\u00e3o presentes o CEO e cofundador, Marcos Peigo; e do vice-presidente S\u00eanior de Desenvolvimento Corporativo, Luciano Fialho. Durante a cerim\u00f4nia, ser\u00e1 realizado o in\u00edcio simb\u00f3lico das obras&hellip;<\/p>\n","protected":false},"author":1,"featured_media":33069,"comment_status":"open","ping_status":"open","sticky":false,"template":"","format":"standard","meta":{"footnotes":""},"categories":[1],"tags":[],"class_list":["post-33068","post","type-post","status-publish","format-standard","has-post-thumbnail","hentry","category-noticias"],"_links":{"self":[{"href":"https:\/\/blogdorogeriogomes.com.br\/noticias\/wp-json\/wp\/v2\/posts\/33068","targetHints":{"allow":["GET"]}}],"collection":[{"href":"https:\/\/blogdorogeriogomes.com.br\/noticias\/wp-json\/wp\/v2\/posts"}],"about":[{"href":"https:\/\/blogdorogeriogomes.com.br\/noticias\/wp-json\/wp\/v2\/types\/post"}],"author":[{"embeddable":true,"href":"https:\/\/blogdorogeriogomes.com.br\/noticias\/wp-json\/wp\/v2\/users\/1"}],"replies":[{"embeddable":true,"href":"https:\/\/blogdorogeriogomes.com.br\/noticias\/wp-json\/wp\/v2\/comments?post=33068"}],"version-history":[{"count":1,"href":"https:\/\/blogdorogeriogomes.com.br\/noticias\/wp-json\/wp\/v2\/posts\/33068\/revisions"}],"predecessor-version":[{"id":33070,"href":"https:\/\/blogdorogeriogomes.com.br\/noticias\/wp-json\/wp\/v2\/posts\/33068\/revisions\/33070"}],"wp:featuredmedia":[{"embeddable":true,"href":"https:\/\/blogdorogeriogomes.com.br\/noticias\/wp-json\/wp\/v2\/media\/33069"}],"wp:attachment":[{"href":"https:\/\/blogdorogeriogomes.com.br\/noticias\/wp-json\/wp\/v2\/media?parent=33068"}],"wp:term":[{"taxonomy":"category","embeddable":true,"href":"https:\/\/blogdorogeriogomes.com.br\/noticias\/wp-json\/wp\/v2\/categories?post=33068"},{"taxonomy":"post_tag","embeddable":true,"href":"https:\/\/blogdorogeriogomes.com.br\/noticias\/wp-json\/wp\/v2\/tags?post=33068"}],"curies":[{"name":"wp","href":"https:\/\/api.w.org\/{rel}","templated":true}]}}