{"id":33071,"date":"2024-06-24T11:07:19","date_gmt":"2024-06-24T11:07:19","guid":{"rendered":"https:\/\/blogdorogeriogomes.com.br\/noticias\/?p=33071"},"modified":"2024-06-24T11:07:19","modified_gmt":"2024-06-24T11:07:19","slug":"com-parlamentares-em-ritmo-de-sao-joao-nas-suas-cidades-congresso-nacional-tera-semana-esvaziada","status":"publish","type":"post","link":"https:\/\/blogdorogeriogomes.com.br\/noticias\/2024\/06\/com-parlamentares-em-ritmo-de-sao-joao-nas-suas-cidades-congresso-nacional-tera-semana-esvaziada\/","title":{"rendered":"Com parlamentares em ritmo de S\u00e3o Jo\u00e3o nas suas cidades, Congresso Nacional ter\u00e1 semana esvaziada"},"content":{"rendered":"\n<p>O Congresso Nacional ter\u00e1 mais uma semana com pouco movimento pol\u00edtico em meio \u00e0s festividades de S\u00e3o Jo\u00e3o. Na C\u00e2mara dos Deputados, um ato assinado pelo presidente Arthur Lira e publicado na sexta-feira passada, dia 21 de junho,  dispensa os parlamentares de ter que ir a Bras\u00edlia para marcar presen\u00e7a e participar das sess\u00f5es.<\/p>\n\n\n\n<p>Eles poder\u00e3o registrar presen\u00e7a por meio de um aplicativo, atualmente j\u00e1 utilizado para votar projetos em discuss\u00e3o no plen\u00e1rio. Com isso, espera-se que a pauta de vota\u00e7\u00f5es da C\u00e2mara contenha apenas propostas consensuais e que exijam pouco debate. L\u00edderes dizem que ainda n\u00e3o h\u00e1 uma previs\u00e3o de pauta para a semana.<br>Segundo lideran\u00e7as do Senado, durante esta semana, somente propostas que n\u00e3o tenham diverg\u00eancias entre as bancadas partid\u00e1rias devem ser apreciadas. Ao contr\u00e1rio do que aconteceu na \u00faltima semana, em que pautas pol\u00eamicas, que dividiram os parlamentares, foram votadas, como o projeto que libera cassinos e jogos de azar no Brasil.<\/p>\n\n\n\n<figure class=\"wp-block-image size-full\"><img loading=\"lazy\" decoding=\"async\" width=\"1000\" height=\"665\" src=\"https:\/\/blogdorogeriogomes.com.br\/noticias\/wp-content\/uploads\/2024\/06\/fta20240205272.jpg\" alt=\"\" class=\"wp-image-33072\" srcset=\"https:\/\/blogdorogeriogomes.com.br\/noticias\/wp-content\/uploads\/2024\/06\/fta20240205272.jpg 1000w, https:\/\/blogdorogeriogomes.com.br\/noticias\/wp-content\/uploads\/2024\/06\/fta20240205272-300x200.jpg 300w, https:\/\/blogdorogeriogomes.com.br\/noticias\/wp-content\/uploads\/2024\/06\/fta20240205272-768x511.jpg 768w, https:\/\/blogdorogeriogomes.com.br\/noticias\/wp-content\/uploads\/2024\/06\/fta20240205272-800x532.jpg 800w\" sizes=\"auto, (max-width: 1000px) 100vw, 1000px\" \/><\/figure>\n","protected":false},"excerpt":{"rendered":"<p>O Congresso Nacional ter\u00e1 mais uma semana com pouco movimento pol\u00edtico em meio \u00e0s festividades de S\u00e3o Jo\u00e3o. Na C\u00e2mara dos Deputados, um ato assinado pelo presidente Arthur Lira e publicado na sexta-feira passada, dia 21 de junho, dispensa os parlamentares de ter que ir a Bras\u00edlia para marcar presen\u00e7a e participar das sess\u00f5es. Eles poder\u00e3o registrar presen\u00e7a por meio de um aplicativo, atualmente j\u00e1 utilizado para votar projetos em discuss\u00e3o no plen\u00e1rio. Com isso, espera-se que a pauta&hellip;<\/p>\n","protected":false},"author":1,"featured_media":33072,"comment_status":"open","ping_status":"open","sticky":false,"template":"","format":"standard","meta":{"footnotes":""},"categories":[1],"tags":[],"class_list":["post-33071","post","type-post","status-publish","format-standard","has-post-thumbnail","hentry","category-noticias"],"_links":{"self":[{"href":"https:\/\/blogdorogeriogomes.com.br\/noticias\/wp-json\/wp\/v2\/posts\/33071","targetHints":{"allow":["GET"]}}],"collection":[{"href":"https:\/\/blogdorogeriogomes.com.br\/noticias\/wp-json\/wp\/v2\/posts"}],"about":[{"href":"https:\/\/blogdorogeriogomes.com.br\/noticias\/wp-json\/wp\/v2\/types\/post"}],"author":[{"embeddable":true,"href":"https:\/\/blogdorogeriogomes.com.br\/noticias\/wp-json\/wp\/v2\/users\/1"}],"replies":[{"embeddable":true,"href":"https:\/\/blogdorogeriogomes.com.br\/noticias\/wp-json\/wp\/v2\/comments?post=33071"}],"version-history":[{"count":1,"href":"https:\/\/blogdorogeriogomes.com.br\/noticias\/wp-json\/wp\/v2\/posts\/33071\/revisions"}],"predecessor-version":[{"id":33073,"href":"https:\/\/blogdorogeriogomes.com.br\/noticias\/wp-json\/wp\/v2\/posts\/33071\/revisions\/33073"}],"wp:featuredmedia":[{"embeddable":true,"href":"https:\/\/blogdorogeriogomes.com.br\/noticias\/wp-json\/wp\/v2\/media\/33072"}],"wp:attachment":[{"href":"https:\/\/blogdorogeriogomes.com.br\/noticias\/wp-json\/wp\/v2\/media?parent=33071"}],"wp:term":[{"taxonomy":"category","embeddable":true,"href":"https:\/\/blogdorogeriogomes.com.br\/noticias\/wp-json\/wp\/v2\/categories?post=33071"},{"taxonomy":"post_tag","embeddable":true,"href":"https:\/\/blogdorogeriogomes.com.br\/noticias\/wp-json\/wp\/v2\/tags?post=33071"}],"curies":[{"name":"wp","href":"https:\/\/api.w.org\/{rel}","templated":true}]}}