{"id":33080,"date":"2024-06-25T11:33:41","date_gmt":"2024-06-25T11:33:41","guid":{"rendered":"https:\/\/blogdorogeriogomes.com.br\/noticias\/?p=33080"},"modified":"2024-06-25T11:33:41","modified_gmt":"2024-06-25T11:33:41","slug":"operacao-reforco-especializado-ganha-as-ruas-de-fortaleza-com-mais-240-pms-intensificando-o-patrulhamento","status":"publish","type":"post","link":"https:\/\/blogdorogeriogomes.com.br\/noticias\/2024\/06\/operacao-reforco-especializado-ganha-as-ruas-de-fortaleza-com-mais-240-pms-intensificando-o-patrulhamento\/","title":{"rendered":"Opera\u00e7\u00e3o Refor\u00e7o Especializado ganha as ruas de Fortaleza com mais 240 PMs intensificando o patrulhamento"},"content":{"rendered":"\n<p>A Opera\u00e7\u00e3o Refor\u00e7o Especializado da Pol\u00edcia Militar foi lan\u00e7ada na noite desta segunda-feira, dia 24 de junho. Com o efetivo de 240 policiais militares, divididos em 61 equipes, a opera\u00e7\u00e3o realizar\u00e1 blitzes em \u00e1reas com maior incid\u00eancia criminal, segundo dados da Superintend\u00eancia de Pesquisa e Estrat\u00e9gia de Seguran\u00e7a P\u00fablica (Supesp). Al\u00e9m de Fortaleza, a opera\u00e7\u00e3o tamb\u00e9m atende os munic\u00edpios de Maracana\u00fa e Caucaia.<\/p>\n\n\n\n<p>A sa\u00edda das viaturas para intensifica\u00e7\u00e3o do patrulhamento nas ruas e avenidas de Fortaleza aconteceu no Centro de Eventos do Cear\u00e1, acompanhada pelo governador Elmano de Freitas, pelo secret\u00e1rio da Seguran\u00e7a P\u00fablica e Defesa do Cear\u00e1, Roberto S\u00e1, e pelo coronel comandante-geral da Pol\u00edcia Militar do Cear\u00e1 (PMCE), Kl\u00eanio Savyo.<\/p>\n\n\n\n<p>\u201cN\u00f3s determinamos a convoca\u00e7\u00e3o de mais 426 policiais militares que v\u00e3o come\u00e7ar o curso de forma\u00e7\u00e3o imediatamente. Na sexta-feira (28), vamos apresentar mais 400 policiais (alunos-soldados), al\u00e9m dos 400 apresentados na semana passada, que j\u00e1 come\u00e7am tamb\u00e9m a estar nas ruas. E na quarta-feira, estou dando posto a 428 policiais civis&#8221;, ressaltou Elmano de Freitas.\u00a0<\/p>\n\n\n\n<figure class=\"wp-block-image size-full\"><img loading=\"lazy\" decoding=\"async\" width=\"1000\" height=\"668\" src=\"https:\/\/blogdorogeriogomes.com.br\/noticias\/wp-content\/uploads\/2024\/06\/DSC_6275-capa.jpg\" alt=\"\" class=\"wp-image-33081\" srcset=\"https:\/\/blogdorogeriogomes.com.br\/noticias\/wp-content\/uploads\/2024\/06\/DSC_6275-capa.jpg 1000w, https:\/\/blogdorogeriogomes.com.br\/noticias\/wp-content\/uploads\/2024\/06\/DSC_6275-capa-300x200.jpg 300w, https:\/\/blogdorogeriogomes.com.br\/noticias\/wp-content\/uploads\/2024\/06\/DSC_6275-capa-768x513.jpg 768w, https:\/\/blogdorogeriogomes.com.br\/noticias\/wp-content\/uploads\/2024\/06\/DSC_6275-capa-800x534.jpg 800w\" sizes=\"auto, (max-width: 1000px) 100vw, 1000px\" \/><\/figure>\n","protected":false},"excerpt":{"rendered":"<p>A Opera\u00e7\u00e3o Refor\u00e7o Especializado da Pol\u00edcia Militar foi lan\u00e7ada na noite desta segunda-feira, dia 24 de junho. Com o efetivo de 240 policiais militares, divididos em 61 equipes, a opera\u00e7\u00e3o realizar\u00e1 blitzes em \u00e1reas com maior incid\u00eancia criminal, segundo dados da Superintend\u00eancia de Pesquisa e Estrat\u00e9gia de Seguran\u00e7a P\u00fablica (Supesp). Al\u00e9m de Fortaleza, a opera\u00e7\u00e3o tamb\u00e9m atende os munic\u00edpios de Maracana\u00fa e Caucaia. A sa\u00edda das viaturas para intensifica\u00e7\u00e3o do patrulhamento nas ruas e avenidas de Fortaleza aconteceu no&hellip;<\/p>\n","protected":false},"author":1,"featured_media":33081,"comment_status":"open","ping_status":"open","sticky":false,"template":"","format":"standard","meta":{"footnotes":""},"categories":[1],"tags":[],"class_list":["post-33080","post","type-post","status-publish","format-standard","has-post-thumbnail","hentry","category-noticias"],"_links":{"self":[{"href":"https:\/\/blogdorogeriogomes.com.br\/noticias\/wp-json\/wp\/v2\/posts\/33080","targetHints":{"allow":["GET"]}}],"collection":[{"href":"https:\/\/blogdorogeriogomes.com.br\/noticias\/wp-json\/wp\/v2\/posts"}],"about":[{"href":"https:\/\/blogdorogeriogomes.com.br\/noticias\/wp-json\/wp\/v2\/types\/post"}],"author":[{"embeddable":true,"href":"https:\/\/blogdorogeriogomes.com.br\/noticias\/wp-json\/wp\/v2\/users\/1"}],"replies":[{"embeddable":true,"href":"https:\/\/blogdorogeriogomes.com.br\/noticias\/wp-json\/wp\/v2\/comments?post=33080"}],"version-history":[{"count":1,"href":"https:\/\/blogdorogeriogomes.com.br\/noticias\/wp-json\/wp\/v2\/posts\/33080\/revisions"}],"predecessor-version":[{"id":33082,"href":"https:\/\/blogdorogeriogomes.com.br\/noticias\/wp-json\/wp\/v2\/posts\/33080\/revisions\/33082"}],"wp:featuredmedia":[{"embeddable":true,"href":"https:\/\/blogdorogeriogomes.com.br\/noticias\/wp-json\/wp\/v2\/media\/33081"}],"wp:attachment":[{"href":"https:\/\/blogdorogeriogomes.com.br\/noticias\/wp-json\/wp\/v2\/media?parent=33080"}],"wp:term":[{"taxonomy":"category","embeddable":true,"href":"https:\/\/blogdorogeriogomes.com.br\/noticias\/wp-json\/wp\/v2\/categories?post=33080"},{"taxonomy":"post_tag","embeddable":true,"href":"https:\/\/blogdorogeriogomes.com.br\/noticias\/wp-json\/wp\/v2\/tags?post=33080"}],"curies":[{"name":"wp","href":"https:\/\/api.w.org\/{rel}","templated":true}]}}