{"id":33086,"date":"2024-06-25T11:58:29","date_gmt":"2024-06-25T11:58:29","guid":{"rendered":"https:\/\/blogdorogeriogomes.com.br\/noticias\/?p=33086"},"modified":"2024-06-25T11:58:29","modified_gmt":"2024-06-25T11:58:29","slug":"aracati-realiza-festas-juninas-a-partir-desta-quinta-feira-com-shows-e-quadrilhas","status":"publish","type":"post","link":"https:\/\/blogdorogeriogomes.com.br\/noticias\/2024\/06\/aracati-realiza-festas-juninas-a-partir-desta-quinta-feira-com-shows-e-quadrilhas\/","title":{"rendered":"Aracati realiza festas juninas a partir desta quinta-feira com shows e quadrilhas"},"content":{"rendered":"\n<p>O munic\u00edpio de Aracati, no Litoral Leste do Cear\u00e1, realiza o S\u00e3o Jo\u00e3o do Aracati 2024, de 27 a 29 de junho. Os shows j\u00e1 come\u00e7am nesta quinta-feira. Ser\u00e3o realizadas apresenta\u00e7\u00f5es de artistas nacionais, como as cantoras Simone Mendes e Manu Bahtid\u00e3o, al\u00e9m de Jo\u00e3o Gomes, Matheus Fernandes, Alok e a dupla sertaneja C\u00e9sar Menotti e Fabiano.<\/p>\n\n\n\n<p>O evento gratuito ser\u00e1 promovido no Largo da Matriz, no Centro de Aracati, e promete movimentar a economia da regi\u00e3o, incluindo a rede hoteleira, alugu\u00e9is por temporada, supermercados e restaurantes.<\/p>\n\n\n\n<p><em>Confira a programa\u00e7\u00e3o<\/em>:<\/p>\n\n\n\n<p><em>27 de junho (quinta-feira)<\/em><\/p>\n\n\n\n<p>\u2022 Simone Mendes<br>\u2022 C\u00e9sar Menotti e Fabiano<br>\u2022 Levy Cantor<\/p>\n\n\n\n<p><em>28 de junho (sexta-feira)<\/em><\/p>\n\n\n\n<p>\u2022 Alok<br>\u2022 Jo\u00e3o Gomes<br>\u2022 Aldynha Ferraz<br>\u2022 Renan Bessa<\/p>\n\n\n\n<p><em>29 de junho (s\u00e1bado)<\/em><\/p>\n\n\n\n<p>\u2022 Manu Bahtid\u00e3o<br>\u2022 Matheus Fernandes<br>\u2022 Diego Fac\u00f3<br>\u2022 J\u00e9fter e Amor a Mil<\/p>\n\n\n\n<figure class=\"wp-block-image size-large\"><img loading=\"lazy\" decoding=\"async\" width=\"1024\" height=\"575\" src=\"https:\/\/blogdorogeriogomes.com.br\/noticias\/wp-content\/uploads\/2024\/06\/IMG-20240624-WA0201-1024x575.jpg\" alt=\"\" class=\"wp-image-33087\" srcset=\"https:\/\/blogdorogeriogomes.com.br\/noticias\/wp-content\/uploads\/2024\/06\/IMG-20240624-WA0201-1024x575.jpg 1024w, https:\/\/blogdorogeriogomes.com.br\/noticias\/wp-content\/uploads\/2024\/06\/IMG-20240624-WA0201-300x169.jpg 300w, https:\/\/blogdorogeriogomes.com.br\/noticias\/wp-content\/uploads\/2024\/06\/IMG-20240624-WA0201-768x431.jpg 768w, https:\/\/blogdorogeriogomes.com.br\/noticias\/wp-content\/uploads\/2024\/06\/IMG-20240624-WA0201-800x449.jpg 800w, https:\/\/blogdorogeriogomes.com.br\/noticias\/wp-content\/uploads\/2024\/06\/IMG-20240624-WA0201.jpg 1200w\" sizes=\"auto, (max-width: 1024px) 100vw, 1024px\" \/><\/figure>\n","protected":false},"excerpt":{"rendered":"<p>O munic\u00edpio de Aracati, no Litoral Leste do Cear\u00e1, realiza o S\u00e3o Jo\u00e3o do Aracati 2024, de 27 a 29 de junho. Os shows j\u00e1 come\u00e7am nesta quinta-feira. Ser\u00e3o realizadas apresenta\u00e7\u00f5es de artistas nacionais, como as cantoras Simone Mendes e Manu Bahtid\u00e3o, al\u00e9m de Jo\u00e3o Gomes, Matheus Fernandes, Alok e a dupla sertaneja C\u00e9sar Menotti e Fabiano. O evento gratuito ser\u00e1 promovido no Largo da Matriz, no Centro de Aracati, e promete movimentar a economia da regi\u00e3o, incluindo a&hellip;<\/p>\n","protected":false},"author":1,"featured_media":33087,"comment_status":"open","ping_status":"open","sticky":false,"template":"","format":"standard","meta":{"footnotes":""},"categories":[1],"tags":[],"class_list":["post-33086","post","type-post","status-publish","format-standard","has-post-thumbnail","hentry","category-noticias"],"_links":{"self":[{"href":"https:\/\/blogdorogeriogomes.com.br\/noticias\/wp-json\/wp\/v2\/posts\/33086","targetHints":{"allow":["GET"]}}],"collection":[{"href":"https:\/\/blogdorogeriogomes.com.br\/noticias\/wp-json\/wp\/v2\/posts"}],"about":[{"href":"https:\/\/blogdorogeriogomes.com.br\/noticias\/wp-json\/wp\/v2\/types\/post"}],"author":[{"embeddable":true,"href":"https:\/\/blogdorogeriogomes.com.br\/noticias\/wp-json\/wp\/v2\/users\/1"}],"replies":[{"embeddable":true,"href":"https:\/\/blogdorogeriogomes.com.br\/noticias\/wp-json\/wp\/v2\/comments?post=33086"}],"version-history":[{"count":1,"href":"https:\/\/blogdorogeriogomes.com.br\/noticias\/wp-json\/wp\/v2\/posts\/33086\/revisions"}],"predecessor-version":[{"id":33088,"href":"https:\/\/blogdorogeriogomes.com.br\/noticias\/wp-json\/wp\/v2\/posts\/33086\/revisions\/33088"}],"wp:featuredmedia":[{"embeddable":true,"href":"https:\/\/blogdorogeriogomes.com.br\/noticias\/wp-json\/wp\/v2\/media\/33087"}],"wp:attachment":[{"href":"https:\/\/blogdorogeriogomes.com.br\/noticias\/wp-json\/wp\/v2\/media?parent=33086"}],"wp:term":[{"taxonomy":"category","embeddable":true,"href":"https:\/\/blogdorogeriogomes.com.br\/noticias\/wp-json\/wp\/v2\/categories?post=33086"},{"taxonomy":"post_tag","embeddable":true,"href":"https:\/\/blogdorogeriogomes.com.br\/noticias\/wp-json\/wp\/v2\/tags?post=33086"}],"curies":[{"name":"wp","href":"https:\/\/api.w.org\/{rel}","templated":true}]}}