{"id":33089,"date":"2024-06-25T12:07:34","date_gmt":"2024-06-25T12:07:34","guid":{"rendered":"https:\/\/blogdorogeriogomes.com.br\/noticias\/?p=33089"},"modified":"2024-06-25T12:07:35","modified_gmt":"2024-06-25T12:07:35","slug":"lula-se-reune-hoje-com-ministros-para-discutir-novo-plano-safra-que-pode-passar-de-r-510-bilhoes","status":"publish","type":"post","link":"https:\/\/blogdorogeriogomes.com.br\/noticias\/2024\/06\/lula-se-reune-hoje-com-ministros-para-discutir-novo-plano-safra-que-pode-passar-de-r-510-bilhoes\/","title":{"rendered":"Lula se re\u00fane hoje com ministros para discutir novo Plano Safra que pode passar de R$ 510 bilh\u00f5es"},"content":{"rendered":"\n<p>O presidente Luiz In\u00e1cio Lula da Silva (PT) se re\u00fane nesta ter\u00e7a-feira, dia 25 de junho, com os ministros Fernando Haddad (Fazenda), Carlo F\u00e1varo (Agricultura) e Paulo Teixeira (Desenvolvimento Agr\u00e1rio) para decidir o valor final do Plano Safra 2024\/25. O valor final do Plano Safra deve ultrapassar os R$ 510 bilh\u00f5es, ante aos R$ 435,8 bilh\u00f5es disponibilizados no ano passado.<\/p>\n\n\n\n<p>Entidades representativas do agroneg\u00f3cio sugeriram ao governo um valor total de R$ 570 bilh\u00f5es, sendo R$ 470 bilh\u00f5es destinados a m\u00e9dios e grandes produtores e R$ 100 bilh\u00f5es para o Programa Nacional de Fortalecimento da Agricultura Familiar (Pronaf). As solicita\u00e7\u00f5es das pastas de Agricultura e Desenvolvimento Agr\u00e1rio foram de R$ 452 bilh\u00f5es e R$ 80 bilh\u00f5es, respectivamente. No entanto, membros da equipe econ\u00f4mica indicaram que as demandas poder\u00e3o n\u00e3o ser atendidas na totalidade.<\/p>\n\n\n\n<p>O novo plano deve manter requisitos para pr\u00e1ticas de produ\u00e7\u00e3o ambientalmente sustent\u00e1veis, incluindo a redu\u00e7\u00e3o das taxas de juros para projetos de recupera\u00e7\u00e3o de pastagens e incentivos para produtores que adotem pr\u00e1ticas agropecu\u00e1rias mais sustent\u00e1veis. A discuss\u00e3o sobre o seguro rural tamb\u00e9m est\u00e1 em pauta, especialmente ap\u00f3s a recente trag\u00e9dia ambiental que afetou o Rio Grande do Sul.<\/p>\n\n\n\n<figure class=\"wp-block-image size-full\"><img loading=\"lazy\" decoding=\"async\" width=\"703\" height=\"436\" src=\"https:\/\/blogdorogeriogomes.com.br\/noticias\/wp-content\/uploads\/2024\/06\/images-59.jpeg\" alt=\"\" class=\"wp-image-33090\" srcset=\"https:\/\/blogdorogeriogomes.com.br\/noticias\/wp-content\/uploads\/2024\/06\/images-59.jpeg 703w, https:\/\/blogdorogeriogomes.com.br\/noticias\/wp-content\/uploads\/2024\/06\/images-59-300x186.jpeg 300w\" sizes=\"auto, (max-width: 703px) 100vw, 703px\" \/><\/figure>\n","protected":false},"excerpt":{"rendered":"<p>O presidente Luiz In\u00e1cio Lula da Silva (PT) se re\u00fane nesta ter\u00e7a-feira, dia 25 de junho, com os ministros Fernando Haddad (Fazenda), Carlo F\u00e1varo (Agricultura) e Paulo Teixeira (Desenvolvimento Agr\u00e1rio) para decidir o valor final do Plano Safra 2024\/25. O valor final do Plano Safra deve ultrapassar os R$ 510 bilh\u00f5es, ante aos R$ 435,8 bilh\u00f5es disponibilizados no ano passado. Entidades representativas do agroneg\u00f3cio sugeriram ao governo um valor total de R$ 570 bilh\u00f5es, sendo R$ 470 bilh\u00f5es destinados&hellip;<\/p>\n","protected":false},"author":1,"featured_media":33090,"comment_status":"open","ping_status":"open","sticky":false,"template":"","format":"standard","meta":{"footnotes":""},"categories":[1],"tags":[],"class_list":["post-33089","post","type-post","status-publish","format-standard","has-post-thumbnail","hentry","category-noticias"],"_links":{"self":[{"href":"https:\/\/blogdorogeriogomes.com.br\/noticias\/wp-json\/wp\/v2\/posts\/33089","targetHints":{"allow":["GET"]}}],"collection":[{"href":"https:\/\/blogdorogeriogomes.com.br\/noticias\/wp-json\/wp\/v2\/posts"}],"about":[{"href":"https:\/\/blogdorogeriogomes.com.br\/noticias\/wp-json\/wp\/v2\/types\/post"}],"author":[{"embeddable":true,"href":"https:\/\/blogdorogeriogomes.com.br\/noticias\/wp-json\/wp\/v2\/users\/1"}],"replies":[{"embeddable":true,"href":"https:\/\/blogdorogeriogomes.com.br\/noticias\/wp-json\/wp\/v2\/comments?post=33089"}],"version-history":[{"count":1,"href":"https:\/\/blogdorogeriogomes.com.br\/noticias\/wp-json\/wp\/v2\/posts\/33089\/revisions"}],"predecessor-version":[{"id":33091,"href":"https:\/\/blogdorogeriogomes.com.br\/noticias\/wp-json\/wp\/v2\/posts\/33089\/revisions\/33091"}],"wp:featuredmedia":[{"embeddable":true,"href":"https:\/\/blogdorogeriogomes.com.br\/noticias\/wp-json\/wp\/v2\/media\/33090"}],"wp:attachment":[{"href":"https:\/\/blogdorogeriogomes.com.br\/noticias\/wp-json\/wp\/v2\/media?parent=33089"}],"wp:term":[{"taxonomy":"category","embeddable":true,"href":"https:\/\/blogdorogeriogomes.com.br\/noticias\/wp-json\/wp\/v2\/categories?post=33089"},{"taxonomy":"post_tag","embeddable":true,"href":"https:\/\/blogdorogeriogomes.com.br\/noticias\/wp-json\/wp\/v2\/tags?post=33089"}],"curies":[{"name":"wp","href":"https:\/\/api.w.org\/{rel}","templated":true}]}}