{"id":33095,"date":"2024-06-25T22:43:26","date_gmt":"2024-06-25T22:43:26","guid":{"rendered":"https:\/\/blogdorogeriogomes.com.br\/noticias\/?p=33095"},"modified":"2024-06-25T22:43:27","modified_gmt":"2024-06-25T22:43:27","slug":"stf-decide-descriminalizar-porte-de-maconha-para-uso-pessoal-e-ministros-vao-estabelecer-quantidade","status":"publish","type":"post","link":"https:\/\/blogdorogeriogomes.com.br\/noticias\/2024\/06\/stf-decide-descriminalizar-porte-de-maconha-para-uso-pessoal-e-ministros-vao-estabelecer-quantidade\/","title":{"rendered":"STF decide descriminalizar porte de maconha para uso pessoal e ministros v\u00e3o estabelecer quantidade"},"content":{"rendered":"\n<p>O Supremo Tribunal Federal (STF) j\u00e1 tem maioria para descriminalizar o porte de maconha para uso pessoal. A sess\u00e3o desta ter\u00e7a-feira, dia 25 de junho, foi interrompida, e o resultado deve ser proclamado em uma sess\u00e3o posterior. S\u00f3 depois da proclama\u00e7\u00e3o do resultado \u00e9 que a decis\u00e3o passa a ter efeitos. A determina\u00e7\u00e3o, vale frisar, n\u00e3o representa que o Supremo esteja legalizando ou liberando o uso de entorpecentes.<\/p>\n\n\n\n<p>A Corte n\u00e3o legalizou ou liberou o consumo de entorpecentes. Ou seja, o uso de drogas, mesmo que individual, apesar de n\u00e3o ser crime, permanecer\u00e1 como ato il\u00edcito, ou seja, contr\u00e1rio a lei.<\/p>\n\n\n\n<p>Com isso, quem agir desta forma ainda estar\u00e1 sujeito \u00e0s san\u00e7\u00f5es que j\u00e1 est\u00e3o na legisla\u00e7\u00e3o, incluindo: advert\u00eancia sobre os efeitos das drogas; e medida educativa de comparecimento a programa ou curso educativo.<\/p>\n\n\n\n<figure class=\"wp-block-image size-full\"><img loading=\"lazy\" decoding=\"async\" width=\"540\" height=\"304\" src=\"https:\/\/blogdorogeriogomes.com.br\/noticias\/wp-content\/uploads\/2024\/06\/53815906433-2b6b7a0f79-k.jpg\" alt=\"\" class=\"wp-image-33096\" srcset=\"https:\/\/blogdorogeriogomes.com.br\/noticias\/wp-content\/uploads\/2024\/06\/53815906433-2b6b7a0f79-k.jpg 540w, https:\/\/blogdorogeriogomes.com.br\/noticias\/wp-content\/uploads\/2024\/06\/53815906433-2b6b7a0f79-k-300x169.jpg 300w\" sizes=\"auto, (max-width: 540px) 100vw, 540px\" \/><\/figure>\n","protected":false},"excerpt":{"rendered":"<p>O Supremo Tribunal Federal (STF) j\u00e1 tem maioria para descriminalizar o porte de maconha para uso pessoal. A sess\u00e3o desta ter\u00e7a-feira, dia 25 de junho, foi interrompida, e o resultado deve ser proclamado em uma sess\u00e3o posterior. S\u00f3 depois da proclama\u00e7\u00e3o do resultado \u00e9 que a decis\u00e3o passa a ter efeitos. A determina\u00e7\u00e3o, vale frisar, n\u00e3o representa que o Supremo esteja legalizando ou liberando o uso de entorpecentes. A Corte n\u00e3o legalizou ou liberou o consumo de entorpecentes. Ou&hellip;<\/p>\n","protected":false},"author":1,"featured_media":33096,"comment_status":"open","ping_status":"open","sticky":false,"template":"","format":"standard","meta":{"footnotes":""},"categories":[1],"tags":[],"class_list":["post-33095","post","type-post","status-publish","format-standard","has-post-thumbnail","hentry","category-noticias"],"_links":{"self":[{"href":"https:\/\/blogdorogeriogomes.com.br\/noticias\/wp-json\/wp\/v2\/posts\/33095","targetHints":{"allow":["GET"]}}],"collection":[{"href":"https:\/\/blogdorogeriogomes.com.br\/noticias\/wp-json\/wp\/v2\/posts"}],"about":[{"href":"https:\/\/blogdorogeriogomes.com.br\/noticias\/wp-json\/wp\/v2\/types\/post"}],"author":[{"embeddable":true,"href":"https:\/\/blogdorogeriogomes.com.br\/noticias\/wp-json\/wp\/v2\/users\/1"}],"replies":[{"embeddable":true,"href":"https:\/\/blogdorogeriogomes.com.br\/noticias\/wp-json\/wp\/v2\/comments?post=33095"}],"version-history":[{"count":1,"href":"https:\/\/blogdorogeriogomes.com.br\/noticias\/wp-json\/wp\/v2\/posts\/33095\/revisions"}],"predecessor-version":[{"id":33097,"href":"https:\/\/blogdorogeriogomes.com.br\/noticias\/wp-json\/wp\/v2\/posts\/33095\/revisions\/33097"}],"wp:featuredmedia":[{"embeddable":true,"href":"https:\/\/blogdorogeriogomes.com.br\/noticias\/wp-json\/wp\/v2\/media\/33096"}],"wp:attachment":[{"href":"https:\/\/blogdorogeriogomes.com.br\/noticias\/wp-json\/wp\/v2\/media?parent=33095"}],"wp:term":[{"taxonomy":"category","embeddable":true,"href":"https:\/\/blogdorogeriogomes.com.br\/noticias\/wp-json\/wp\/v2\/categories?post=33095"},{"taxonomy":"post_tag","embeddable":true,"href":"https:\/\/blogdorogeriogomes.com.br\/noticias\/wp-json\/wp\/v2\/tags?post=33095"}],"curies":[{"name":"wp","href":"https:\/\/api.w.org\/{rel}","templated":true}]}}