{"id":33098,"date":"2024-06-26T12:33:32","date_gmt":"2024-06-26T12:33:32","guid":{"rendered":"https:\/\/blogdorogeriogomes.com.br\/noticias\/?p=33098"},"modified":"2024-06-26T12:33:33","modified_gmt":"2024-06-26T12:33:33","slug":"prefeito-jose-sarto-inaugura-novo-posto-de-saude-na-parangaba-e-fortaleza-passa-a-contar-com-125-unidades-na-rede-municipal","status":"publish","type":"post","link":"https:\/\/blogdorogeriogomes.com.br\/noticias\/2024\/06\/prefeito-jose-sarto-inaugura-novo-posto-de-saude-na-parangaba-e-fortaleza-passa-a-contar-com-125-unidades-na-rede-municipal\/","title":{"rendered":"Prefeito Jos\u00e9 Sarto inaugura novo posto de sa\u00fade na Parangaba e Fortaleza passa a contar com 125 unidades na Rede Municipal"},"content":{"rendered":"\n<p>Com cerca de 11 mil pessoas beneficiadas, a Parangaba recebeu, nesta ter\u00e7a-feira, dia 25 de junho, o novo posto de sa\u00fade Dom Jos\u00e9 Bezerra Coutinho. A unidade \u00e9 a nona inaugurada na gest\u00e3o do prefeito Jos\u00e9 Sarto, e a de n\u00famero 125 a compor a Aten\u00e7\u00e3o Prim\u00e1ria da Rede Municipal de Sa\u00fade. Com \u00e1rea constru\u00edda de 375 m\u00b2, o investimento nas obras foi de R$ 1,4 milh\u00e3o. A entrega faz parte do pacote de investimentos na \u00e1rea da sa\u00fade; outros nove postos seguem em obras de constru\u00e7\u00e3o, contemplando a meta de entregar 18 novos postos na gest\u00e3o.<\/p>\n\n\n\n<p>&#8220;Esse posto de sa\u00fade vai atender mais de 11 mil pessoas. S\u00e3o pessoas que n\u00e3o v\u00e3o mais ter que se deslocar por longas dist\u00e2ncias para se consultar, que ter\u00e3o acesso a sa\u00fade perto de casa. Os 18 postos de sa\u00fade que vamos entregar, junto com as seis carretas do Vem Sa\u00fade, devem atender aproximadamente 300 mil pessoas por m\u00eas. Na nossa gest\u00e3o, a rede b\u00e1sica de sa\u00fade Fortaleza vai passar a atender 80% da popula\u00e7\u00e3o, \u00e9 uma amplia\u00e7\u00e3o consider\u00e1vel,&#8221; afirmou o prefeito Jos\u00e9 Sarto.<\/p>\n\n\n\n<figure class=\"wp-block-image size-large\"><img loading=\"lazy\" decoding=\"async\" width=\"1024\" height=\"602\" src=\"https:\/\/blogdorogeriogomes.com.br\/noticias\/wp-content\/uploads\/2024\/06\/26-06-2024-Posto-IMG_6913-1024x602.jpg\" alt=\"\" class=\"wp-image-33099\" srcset=\"https:\/\/blogdorogeriogomes.com.br\/noticias\/wp-content\/uploads\/2024\/06\/26-06-2024-Posto-IMG_6913-1024x602.jpg 1024w, https:\/\/blogdorogeriogomes.com.br\/noticias\/wp-content\/uploads\/2024\/06\/26-06-2024-Posto-IMG_6913-300x176.jpg 300w, https:\/\/blogdorogeriogomes.com.br\/noticias\/wp-content\/uploads\/2024\/06\/26-06-2024-Posto-IMG_6913-768x451.jpg 768w, https:\/\/blogdorogeriogomes.com.br\/noticias\/wp-content\/uploads\/2024\/06\/26-06-2024-Posto-IMG_6913-800x470.jpg 800w, https:\/\/blogdorogeriogomes.com.br\/noticias\/wp-content\/uploads\/2024\/06\/26-06-2024-Posto-IMG_6913.jpg 1280w\" sizes=\"auto, (max-width: 1024px) 100vw, 1024px\" \/><\/figure>\n","protected":false},"excerpt":{"rendered":"<p>Com cerca de 11 mil pessoas beneficiadas, a Parangaba recebeu, nesta ter\u00e7a-feira, dia 25 de junho, o novo posto de sa\u00fade Dom Jos\u00e9 Bezerra Coutinho. A unidade \u00e9 a nona inaugurada na gest\u00e3o do prefeito Jos\u00e9 Sarto, e a de n\u00famero 125 a compor a Aten\u00e7\u00e3o Prim\u00e1ria da Rede Municipal de Sa\u00fade. Com \u00e1rea constru\u00edda de 375 m\u00b2, o investimento nas obras foi de R$ 1,4 milh\u00e3o. A entrega faz parte do pacote de investimentos na \u00e1rea da sa\u00fade;&hellip;<\/p>\n","protected":false},"author":1,"featured_media":33099,"comment_status":"open","ping_status":"open","sticky":false,"template":"","format":"standard","meta":{"footnotes":""},"categories":[1],"tags":[],"class_list":["post-33098","post","type-post","status-publish","format-standard","has-post-thumbnail","hentry","category-noticias"],"_links":{"self":[{"href":"https:\/\/blogdorogeriogomes.com.br\/noticias\/wp-json\/wp\/v2\/posts\/33098","targetHints":{"allow":["GET"]}}],"collection":[{"href":"https:\/\/blogdorogeriogomes.com.br\/noticias\/wp-json\/wp\/v2\/posts"}],"about":[{"href":"https:\/\/blogdorogeriogomes.com.br\/noticias\/wp-json\/wp\/v2\/types\/post"}],"author":[{"embeddable":true,"href":"https:\/\/blogdorogeriogomes.com.br\/noticias\/wp-json\/wp\/v2\/users\/1"}],"replies":[{"embeddable":true,"href":"https:\/\/blogdorogeriogomes.com.br\/noticias\/wp-json\/wp\/v2\/comments?post=33098"}],"version-history":[{"count":1,"href":"https:\/\/blogdorogeriogomes.com.br\/noticias\/wp-json\/wp\/v2\/posts\/33098\/revisions"}],"predecessor-version":[{"id":33100,"href":"https:\/\/blogdorogeriogomes.com.br\/noticias\/wp-json\/wp\/v2\/posts\/33098\/revisions\/33100"}],"wp:featuredmedia":[{"embeddable":true,"href":"https:\/\/blogdorogeriogomes.com.br\/noticias\/wp-json\/wp\/v2\/media\/33099"}],"wp:attachment":[{"href":"https:\/\/blogdorogeriogomes.com.br\/noticias\/wp-json\/wp\/v2\/media?parent=33098"}],"wp:term":[{"taxonomy":"category","embeddable":true,"href":"https:\/\/blogdorogeriogomes.com.br\/noticias\/wp-json\/wp\/v2\/categories?post=33098"},{"taxonomy":"post_tag","embeddable":true,"href":"https:\/\/blogdorogeriogomes.com.br\/noticias\/wp-json\/wp\/v2\/tags?post=33098"}],"curies":[{"name":"wp","href":"https:\/\/api.w.org\/{rel}","templated":true}]}}