{"id":33104,"date":"2024-06-26T12:53:15","date_gmt":"2024-06-26T12:53:15","guid":{"rendered":"https:\/\/blogdorogeriogomes.com.br\/noticias\/?p=33104"},"modified":"2024-06-26T12:53:16","modified_gmt":"2024-06-26T12:53:16","slug":"prefeitura-de-fortaleza-empossa-255-agentes-da-segunda-turma-do-concurso-da-guarda-municipal-para-reforcar-seguranca-na-capital","status":"publish","type":"post","link":"https:\/\/blogdorogeriogomes.com.br\/noticias\/2024\/06\/prefeitura-de-fortaleza-empossa-255-agentes-da-segunda-turma-do-concurso-da-guarda-municipal-para-reforcar-seguranca-na-capital\/","title":{"rendered":"Prefeitura de Fortaleza empossa 255 agentes da segunda turma do concurso da Guarda Municipal para refor\u00e7ar seguran\u00e7a na Capital"},"content":{"rendered":"\n<p>A Prefeitura de Fortaleza, por meio da Secretaria da Seguran\u00e7a Cidad\u00e3 (Sesec), promove a solenidade de formatura da segunda turma do Concurso da Guarda Municipal, com 255 agentes. A cerim\u00f4nia ocorre nesta quinta-feira, dia 27 de junho, \u00e0s 18 horas, no Gin\u00e1sio Paulo Sarasate. At\u00e9 o final do ano, ser\u00e3o mais 1.000 guardas refor\u00e7ando a seguran\u00e7a do Munic\u00edpio.<\/p>\n\n\n\n<p>No \u00faltimo dia 13 de maio, a turma assinou o termo de posse na sede da Sesec, ap\u00f3s os candidatos serem aprovados pela per\u00edcia m\u00e9dica do Instituto de Previd\u00eancia do Munic\u00edpio (IPM).<br><br>O concurso da Guarda Municipal ofertou 1.000 vagas, distribu\u00eddas da seguinte forma: 750 para ampla concorr\u00eancia, 50 para pessoas com defici\u00eancia e 200 para pessoas negras e pardas.<\/p>\n\n\n\n<figure class=\"wp-block-image size-full\"><img loading=\"lazy\" decoding=\"async\" width=\"738\" height=\"415\" src=\"https:\/\/blogdorogeriogomes.com.br\/noticias\/wp-content\/uploads\/2024\/06\/images-60.jpeg\" alt=\"\" class=\"wp-image-33105\" srcset=\"https:\/\/blogdorogeriogomes.com.br\/noticias\/wp-content\/uploads\/2024\/06\/images-60.jpeg 738w, https:\/\/blogdorogeriogomes.com.br\/noticias\/wp-content\/uploads\/2024\/06\/images-60-300x169.jpeg 300w\" sizes=\"auto, (max-width: 738px) 100vw, 738px\" \/><\/figure>\n","protected":false},"excerpt":{"rendered":"<p>A Prefeitura de Fortaleza, por meio da Secretaria da Seguran\u00e7a Cidad\u00e3 (Sesec), promove a solenidade de formatura da segunda turma do Concurso da Guarda Municipal, com 255 agentes. A cerim\u00f4nia ocorre nesta quinta-feira, dia 27 de junho, \u00e0s 18 horas, no Gin\u00e1sio Paulo Sarasate. At\u00e9 o final do ano, ser\u00e3o mais 1.000 guardas refor\u00e7ando a seguran\u00e7a do Munic\u00edpio. No \u00faltimo dia 13 de maio, a turma assinou o termo de posse na sede da Sesec, ap\u00f3s os candidatos serem&hellip;<\/p>\n","protected":false},"author":1,"featured_media":33105,"comment_status":"open","ping_status":"open","sticky":false,"template":"","format":"standard","meta":{"footnotes":""},"categories":[1],"tags":[],"class_list":["post-33104","post","type-post","status-publish","format-standard","has-post-thumbnail","hentry","category-noticias"],"_links":{"self":[{"href":"https:\/\/blogdorogeriogomes.com.br\/noticias\/wp-json\/wp\/v2\/posts\/33104","targetHints":{"allow":["GET"]}}],"collection":[{"href":"https:\/\/blogdorogeriogomes.com.br\/noticias\/wp-json\/wp\/v2\/posts"}],"about":[{"href":"https:\/\/blogdorogeriogomes.com.br\/noticias\/wp-json\/wp\/v2\/types\/post"}],"author":[{"embeddable":true,"href":"https:\/\/blogdorogeriogomes.com.br\/noticias\/wp-json\/wp\/v2\/users\/1"}],"replies":[{"embeddable":true,"href":"https:\/\/blogdorogeriogomes.com.br\/noticias\/wp-json\/wp\/v2\/comments?post=33104"}],"version-history":[{"count":1,"href":"https:\/\/blogdorogeriogomes.com.br\/noticias\/wp-json\/wp\/v2\/posts\/33104\/revisions"}],"predecessor-version":[{"id":33106,"href":"https:\/\/blogdorogeriogomes.com.br\/noticias\/wp-json\/wp\/v2\/posts\/33104\/revisions\/33106"}],"wp:featuredmedia":[{"embeddable":true,"href":"https:\/\/blogdorogeriogomes.com.br\/noticias\/wp-json\/wp\/v2\/media\/33105"}],"wp:attachment":[{"href":"https:\/\/blogdorogeriogomes.com.br\/noticias\/wp-json\/wp\/v2\/media?parent=33104"}],"wp:term":[{"taxonomy":"category","embeddable":true,"href":"https:\/\/blogdorogeriogomes.com.br\/noticias\/wp-json\/wp\/v2\/categories?post=33104"},{"taxonomy":"post_tag","embeddable":true,"href":"https:\/\/blogdorogeriogomes.com.br\/noticias\/wp-json\/wp\/v2\/tags?post=33104"}],"curies":[{"name":"wp","href":"https:\/\/api.w.org\/{rel}","templated":true}]}}