{"id":33110,"date":"2024-06-26T20:56:10","date_gmt":"2024-06-26T20:56:10","guid":{"rendered":"https:\/\/blogdorogeriogomes.com.br\/noticias\/?p=33110"},"modified":"2024-06-26T20:56:11","modified_gmt":"2024-06-26T20:56:11","slug":"governo-do-ceara-empossa-novos-policiais-civis-e-aumenta-em-50-valor-da-gratificacao-concedida-por-apreensao-de-armas-de-fogo","status":"publish","type":"post","link":"https:\/\/blogdorogeriogomes.com.br\/noticias\/2024\/06\/governo-do-ceara-empossa-novos-policiais-civis-e-aumenta-em-50-valor-da-gratificacao-concedida-por-apreensao-de-armas-de-fogo\/","title":{"rendered":"Governo do Cear\u00e1 empossa novos policiais civis e aumenta em 50% valor da gratifica\u00e7\u00e3o concedida por apreens\u00e3o de armas de fogo"},"content":{"rendered":"\n<p>O governador Elmano de Freitas assinou o Decreto Estadual que aumenta em 50% os valores da gratifica\u00e7\u00e3o por apreens\u00e3o de armas de fogo, acess\u00f3rios e muni\u00e7\u00e3o. A gratifica\u00e7\u00e3o que, desde 2005 \u00e9 concedida a policiais militares e civis, vai incluir os policiais penais, conforme prop\u00f5e Projeto de Lei aprovado na Assembleia Legislativa do Cear\u00e1 (Alece) nesta ter\u00e7a-feira, dia 25 de junho. Com o aumento, os valores que variavam de R$ 400 (rev\u00f3lveres) a R$ 800 (fuzis) passam a R$ 600,00 (rev\u00f3lveres) e R$ 1.200,00 (fuzis).<\/p>\n\n\n\n<p>Nesta quarta-feira, dia 26, Elmano de Freitas empossou 428 policiais civis, sendo 413 inspetores e 15 escriv\u00e3es. O refor\u00e7o representa um incremento de quase 10% para o efetivo da Pol\u00edcia Civil do Cear\u00e1. A cerim\u00f4nia aconteceu no Centro Integrado de Seguran\u00e7a P\u00fablica (CISP), em Fortaleza.<\/p>\n\n\n\n<figure class=\"wp-block-image size-full\"><img loading=\"lazy\" decoding=\"async\" width=\"640\" height=\"480\" src=\"https:\/\/blogdorogeriogomes.com.br\/noticias\/wp-content\/uploads\/2024\/06\/images-62.jpeg\" alt=\"\" class=\"wp-image-33111\" srcset=\"https:\/\/blogdorogeriogomes.com.br\/noticias\/wp-content\/uploads\/2024\/06\/images-62.jpeg 640w, https:\/\/blogdorogeriogomes.com.br\/noticias\/wp-content\/uploads\/2024\/06\/images-62-300x225.jpeg 300w, https:\/\/blogdorogeriogomes.com.br\/noticias\/wp-content\/uploads\/2024\/06\/images-62-400x300.jpeg 400w\" sizes=\"auto, (max-width: 640px) 100vw, 640px\" \/><\/figure>\n","protected":false},"excerpt":{"rendered":"<p>O governador Elmano de Freitas assinou o Decreto Estadual que aumenta em 50% os valores da gratifica\u00e7\u00e3o por apreens\u00e3o de armas de fogo, acess\u00f3rios e muni\u00e7\u00e3o. A gratifica\u00e7\u00e3o que, desde 2005 \u00e9 concedida a policiais militares e civis, vai incluir os policiais penais, conforme prop\u00f5e Projeto de Lei aprovado na Assembleia Legislativa do Cear\u00e1 (Alece) nesta ter\u00e7a-feira, dia 25 de junho. Com o aumento, os valores que variavam de R$ 400 (rev\u00f3lveres) a R$ 800 (fuzis) passam a R$&hellip;<\/p>\n","protected":false},"author":1,"featured_media":33111,"comment_status":"open","ping_status":"open","sticky":false,"template":"","format":"standard","meta":{"footnotes":""},"categories":[1],"tags":[],"class_list":["post-33110","post","type-post","status-publish","format-standard","has-post-thumbnail","hentry","category-noticias"],"_links":{"self":[{"href":"https:\/\/blogdorogeriogomes.com.br\/noticias\/wp-json\/wp\/v2\/posts\/33110","targetHints":{"allow":["GET"]}}],"collection":[{"href":"https:\/\/blogdorogeriogomes.com.br\/noticias\/wp-json\/wp\/v2\/posts"}],"about":[{"href":"https:\/\/blogdorogeriogomes.com.br\/noticias\/wp-json\/wp\/v2\/types\/post"}],"author":[{"embeddable":true,"href":"https:\/\/blogdorogeriogomes.com.br\/noticias\/wp-json\/wp\/v2\/users\/1"}],"replies":[{"embeddable":true,"href":"https:\/\/blogdorogeriogomes.com.br\/noticias\/wp-json\/wp\/v2\/comments?post=33110"}],"version-history":[{"count":1,"href":"https:\/\/blogdorogeriogomes.com.br\/noticias\/wp-json\/wp\/v2\/posts\/33110\/revisions"}],"predecessor-version":[{"id":33112,"href":"https:\/\/blogdorogeriogomes.com.br\/noticias\/wp-json\/wp\/v2\/posts\/33110\/revisions\/33112"}],"wp:featuredmedia":[{"embeddable":true,"href":"https:\/\/blogdorogeriogomes.com.br\/noticias\/wp-json\/wp\/v2\/media\/33111"}],"wp:attachment":[{"href":"https:\/\/blogdorogeriogomes.com.br\/noticias\/wp-json\/wp\/v2\/media?parent=33110"}],"wp:term":[{"taxonomy":"category","embeddable":true,"href":"https:\/\/blogdorogeriogomes.com.br\/noticias\/wp-json\/wp\/v2\/categories?post=33110"},{"taxonomy":"post_tag","embeddable":true,"href":"https:\/\/blogdorogeriogomes.com.br\/noticias\/wp-json\/wp\/v2\/tags?post=33110"}],"curies":[{"name":"wp","href":"https:\/\/api.w.org\/{rel}","templated":true}]}}