{"id":33611,"date":"2024-08-08T12:26:07","date_gmt":"2024-08-08T12:26:07","guid":{"rendered":"https:\/\/blogdorogeriogomes.com.br\/noticias\/?p=33611"},"modified":"2024-08-08T12:26:07","modified_gmt":"2024-08-08T12:26:07","slug":"apos-decisao-pro-bolsonaro-tcu-deve-arquivar-processos-por-roubo-de-joias-pgr-ainda-vai-se-manifestar","status":"publish","type":"post","link":"https:\/\/blogdorogeriogomes.com.br\/noticias\/2024\/08\/apos-decisao-pro-bolsonaro-tcu-deve-arquivar-processos-por-roubo-de-joias-pgr-ainda-vai-se-manifestar\/","title":{"rendered":"Ap\u00f3s decis\u00e3o pr\u00f3-Bolsonaro, TCU deve arquivar processos por roubo de joias. PGR ainda vai se manifestar"},"content":{"rendered":"\n<p>Em uma decis\u00e3o tomada nesta quarta-feira, dia 7 de agosto, o Tribunal de Contas da Uni\u00e3o (TCU) isentou o presidente Lula (PT) de devolver um rel\u00f3gio de luxo presenteado pela grife francesa Cartier durante o seu primeiro mandato, em 2005. A decis\u00e3o, capitaneada pela ala bolsonarista da Corte, dever\u00e1 ter implica\u00e7\u00f5es importantes para Jair Bolsonaro (PL), que enfrenta acusa\u00e7\u00f5es semelhantes no chamado caso das joias sauditas.<\/p>\n\n\n\n<p>O entendimento do TCU, liderado pelo ministro Jorge Oliveira, ex-integrante da Secretaria-Geral da Presid\u00eancia durante o governo Bolsonaro, foi de que n\u00e3o h\u00e1 normas claras que definam o que caracteriza um \u201cbem de natureza personal\u00edssima\u201d ou \u201cde elevado valor de mercado\u201d entre os presentes recebidos pelos chefes do Executivo. Os advogados de Bolsonaro enxergam na decis\u00e3o uma oportunidade para contestar as acusa\u00e7\u00f5es que pesam sobre ele.<\/p>\n\n\n\n<p>No caso das j\u00f3ias sauditas incorporadas ao patrim\u00f4nio de Bolsonaro, a Pol\u00edcia Federal indiciou o ex-presidente por associa\u00e7\u00e3o criminosa, lavagem de dinheiro e apropria\u00e7\u00e3o de bens p\u00fablico. H\u00e1 outros 11 implicados. Paulo Gonet, procurador-geral da Rep\u00fablica, tem at\u00e9 o dia 21 de agosto para se manifestar. Pode pedir mais dilig\u00eancias, entender que n\u00e3o houve crime nenhum ou oferecer den\u00fancia.<br><\/p>\n\n\n\n<figure class=\"wp-block-image size-full\"><img loading=\"lazy\" decoding=\"async\" width=\"739\" height=\"415\" src=\"https:\/\/blogdorogeriogomes.com.br\/noticias\/wp-content\/uploads\/2024\/08\/images-55.jpeg\" alt=\"\" class=\"wp-image-33612\" srcset=\"https:\/\/blogdorogeriogomes.com.br\/noticias\/wp-content\/uploads\/2024\/08\/images-55.jpeg 739w, https:\/\/blogdorogeriogomes.com.br\/noticias\/wp-content\/uploads\/2024\/08\/images-55-300x168.jpeg 300w\" sizes=\"auto, (max-width: 739px) 100vw, 739px\" \/><\/figure>\n","protected":false},"excerpt":{"rendered":"<p>Em uma decis\u00e3o tomada nesta quarta-feira, dia 7 de agosto, o Tribunal de Contas da Uni\u00e3o (TCU) isentou o presidente Lula (PT) de devolver um rel\u00f3gio de luxo presenteado pela grife francesa Cartier durante o seu primeiro mandato, em 2005. A decis\u00e3o, capitaneada pela ala bolsonarista da Corte, dever\u00e1 ter implica\u00e7\u00f5es importantes para Jair Bolsonaro (PL), que enfrenta acusa\u00e7\u00f5es semelhantes no chamado caso das joias sauditas. O entendimento do TCU, liderado pelo ministro Jorge Oliveira, ex-integrante da Secretaria-Geral da&hellip;<\/p>\n","protected":false},"author":1,"featured_media":33612,"comment_status":"open","ping_status":"open","sticky":false,"template":"","format":"standard","meta":{"footnotes":""},"categories":[1],"tags":[],"class_list":["post-33611","post","type-post","status-publish","format-standard","has-post-thumbnail","hentry","category-noticias"],"_links":{"self":[{"href":"https:\/\/blogdorogeriogomes.com.br\/noticias\/wp-json\/wp\/v2\/posts\/33611","targetHints":{"allow":["GET"]}}],"collection":[{"href":"https:\/\/blogdorogeriogomes.com.br\/noticias\/wp-json\/wp\/v2\/posts"}],"about":[{"href":"https:\/\/blogdorogeriogomes.com.br\/noticias\/wp-json\/wp\/v2\/types\/post"}],"author":[{"embeddable":true,"href":"https:\/\/blogdorogeriogomes.com.br\/noticias\/wp-json\/wp\/v2\/users\/1"}],"replies":[{"embeddable":true,"href":"https:\/\/blogdorogeriogomes.com.br\/noticias\/wp-json\/wp\/v2\/comments?post=33611"}],"version-history":[{"count":1,"href":"https:\/\/blogdorogeriogomes.com.br\/noticias\/wp-json\/wp\/v2\/posts\/33611\/revisions"}],"predecessor-version":[{"id":33613,"href":"https:\/\/blogdorogeriogomes.com.br\/noticias\/wp-json\/wp\/v2\/posts\/33611\/revisions\/33613"}],"wp:featuredmedia":[{"embeddable":true,"href":"https:\/\/blogdorogeriogomes.com.br\/noticias\/wp-json\/wp\/v2\/media\/33612"}],"wp:attachment":[{"href":"https:\/\/blogdorogeriogomes.com.br\/noticias\/wp-json\/wp\/v2\/media?parent=33611"}],"wp:term":[{"taxonomy":"category","embeddable":true,"href":"https:\/\/blogdorogeriogomes.com.br\/noticias\/wp-json\/wp\/v2\/categories?post=33611"},{"taxonomy":"post_tag","embeddable":true,"href":"https:\/\/blogdorogeriogomes.com.br\/noticias\/wp-json\/wp\/v2\/tags?post=33611"}],"curies":[{"name":"wp","href":"https:\/\/api.w.org\/{rel}","templated":true}]}}