{"id":33926,"date":"2024-09-09T11:28:52","date_gmt":"2024-09-09T11:28:52","guid":{"rendered":"https:\/\/blogdorogeriogomes.com.br\/noticias\/?p=33926"},"modified":"2024-09-09T11:28:52","modified_gmt":"2024-09-09T11:28:52","slug":"andre-fernandes-e-eduardo-girao-participam-de-ato-contra-stf-na-praca-portugal","status":"publish","type":"post","link":"https:\/\/blogdorogeriogomes.com.br\/noticias\/2024\/09\/andre-fernandes-e-eduardo-girao-participam-de-ato-contra-stf-na-praca-portugal\/","title":{"rendered":"Andr\u00e9 Fernandes e Eduardo Gir\u00e3o participam de ato contra STF na Pra\u00e7a Portugal"},"content":{"rendered":"\n<p>Os candidatos \u00e0 Prefeitura de Fortaleza, Andr\u00e9 Fernandes (PL) e Lu\u00eds Eduardo Gir\u00e3o (Novo) participaram do ato do 7 de setembro contra o STF, no s\u00e1bado passado, na Pra\u00e7a Portugal. O espa\u00e7o, que reuniu apoiadores do ex-presidente Jair Bolsonaro (PL), foi o epicentro das manifesta\u00e7\u00f5es a favor do impeachment da ent\u00e3o presidente Dilma Rousseff (PT) em 2016.<\/p>\n\n\n\n<p>Na pra\u00e7a, que este ocupada parcialmente, foram colocadas faixas com mensagens contra o ministro do STF Alexandre de Moraes, que preside o inqu\u00e9rito das fake news contra Bolsonaro e seus apoiadores e cuja decis\u00e3o suspendeu a rede social X no Pa\u00eds por descumprir a Legisla\u00e7\u00e3o brasileira.<\/p>\n\n\n\n<p>Andr\u00e9 Fernandes, Eduardo Gir\u00e3o e Capit\u00e3o Wagner disputam o mesmo eleitorado conservador em Fortaleza na disputa municipal.<\/p>\n\n\n\n<figure class=\"wp-block-image size-full\"><img loading=\"lazy\" decoding=\"async\" width=\"800\" height=\"600\" src=\"https:\/\/blogdorogeriogomes.com.br\/noticias\/wp-content\/uploads\/2024\/09\/1__manifestacao_de_7_se_setembro_contra_alexandre_de_moraes__22-30137119.jpg\" alt=\"\" class=\"wp-image-33927\" srcset=\"https:\/\/blogdorogeriogomes.com.br\/noticias\/wp-content\/uploads\/2024\/09\/1__manifestacao_de_7_se_setembro_contra_alexandre_de_moraes__22-30137119.jpg 800w, https:\/\/blogdorogeriogomes.com.br\/noticias\/wp-content\/uploads\/2024\/09\/1__manifestacao_de_7_se_setembro_contra_alexandre_de_moraes__22-30137119-300x225.jpg 300w, https:\/\/blogdorogeriogomes.com.br\/noticias\/wp-content\/uploads\/2024\/09\/1__manifestacao_de_7_se_setembro_contra_alexandre_de_moraes__22-30137119-768x576.jpg 768w, https:\/\/blogdorogeriogomes.com.br\/noticias\/wp-content\/uploads\/2024\/09\/1__manifestacao_de_7_se_setembro_contra_alexandre_de_moraes__22-30137119-400x300.jpg 400w\" sizes=\"auto, (max-width: 800px) 100vw, 800px\" \/><\/figure>\n","protected":false},"excerpt":{"rendered":"<p>Os candidatos \u00e0 Prefeitura de Fortaleza, Andr\u00e9 Fernandes (PL) e Lu\u00eds Eduardo Gir\u00e3o (Novo) participaram do ato do 7 de setembro contra o STF, no s\u00e1bado passado, na Pra\u00e7a Portugal. O espa\u00e7o, que reuniu apoiadores do ex-presidente Jair Bolsonaro (PL), foi o epicentro das manifesta\u00e7\u00f5es a favor do impeachment da ent\u00e3o presidente Dilma Rousseff (PT) em 2016. Na pra\u00e7a, que este ocupada parcialmente, foram colocadas faixas com mensagens contra o ministro do STF Alexandre de Moraes, que preside o&hellip;<\/p>\n","protected":false},"author":1,"featured_media":33927,"comment_status":"open","ping_status":"open","sticky":false,"template":"","format":"standard","meta":{"footnotes":""},"categories":[1],"tags":[],"class_list":["post-33926","post","type-post","status-publish","format-standard","has-post-thumbnail","hentry","category-noticias"],"_links":{"self":[{"href":"https:\/\/blogdorogeriogomes.com.br\/noticias\/wp-json\/wp\/v2\/posts\/33926","targetHints":{"allow":["GET"]}}],"collection":[{"href":"https:\/\/blogdorogeriogomes.com.br\/noticias\/wp-json\/wp\/v2\/posts"}],"about":[{"href":"https:\/\/blogdorogeriogomes.com.br\/noticias\/wp-json\/wp\/v2\/types\/post"}],"author":[{"embeddable":true,"href":"https:\/\/blogdorogeriogomes.com.br\/noticias\/wp-json\/wp\/v2\/users\/1"}],"replies":[{"embeddable":true,"href":"https:\/\/blogdorogeriogomes.com.br\/noticias\/wp-json\/wp\/v2\/comments?post=33926"}],"version-history":[{"count":1,"href":"https:\/\/blogdorogeriogomes.com.br\/noticias\/wp-json\/wp\/v2\/posts\/33926\/revisions"}],"predecessor-version":[{"id":33928,"href":"https:\/\/blogdorogeriogomes.com.br\/noticias\/wp-json\/wp\/v2\/posts\/33926\/revisions\/33928"}],"wp:featuredmedia":[{"embeddable":true,"href":"https:\/\/blogdorogeriogomes.com.br\/noticias\/wp-json\/wp\/v2\/media\/33927"}],"wp:attachment":[{"href":"https:\/\/blogdorogeriogomes.com.br\/noticias\/wp-json\/wp\/v2\/media?parent=33926"}],"wp:term":[{"taxonomy":"category","embeddable":true,"href":"https:\/\/blogdorogeriogomes.com.br\/noticias\/wp-json\/wp\/v2\/categories?post=33926"},{"taxonomy":"post_tag","embeddable":true,"href":"https:\/\/blogdorogeriogomes.com.br\/noticias\/wp-json\/wp\/v2\/tags?post=33926"}],"curies":[{"name":"wp","href":"https:\/\/api.w.org\/{rel}","templated":true}]}}