{"id":33929,"date":"2024-09-09T11:43:33","date_gmt":"2024-09-09T11:43:33","guid":{"rendered":"https:\/\/blogdorogeriogomes.com.br\/noticias\/?p=33929"},"modified":"2024-09-09T11:45:21","modified_gmt":"2024-09-09T11:45:21","slug":"ao-lado-de-camilo-santana-e-elmano-de-freitas-evandro-leitao-fez-caminhada-no-antonio-bezerra-e-avalia-crescimento-da-campanha","status":"publish","type":"post","link":"https:\/\/blogdorogeriogomes.com.br\/noticias\/2024\/09\/ao-lado-de-camilo-santana-e-elmano-de-freitas-evandro-leitao-fez-caminhada-no-antonio-bezerra-e-avalia-crescimento-da-campanha\/","title":{"rendered":"Ao lado de Camilo Santana e Elmano de Freitas, Evandro Leit\u00e3o fez caminhada no Ant\u00f4nio Bezerra e avalia crescimento da campanha"},"content":{"rendered":"\n<p>O candidato do PT \u00e0 Prefeitura de Fortaleza, Evandro Leit\u00e3o (PT), aproveitou o domingo, dia 8 de setembro, para fazer uma caminhada pelo bairro Ant\u00f4nio Bezerra. Ele esteve ao lado do ministro da Educa\u00e7\u00e3o, Camilo Santana, e do governador Elmano de Freitas. Camilo, inclusive, vai tirar uma licen\u00e7a do minist\u00e9rio, para se engajar diretamente na campanha de Evandro Leit\u00e3o e de outros petistas no interior do Cear\u00e1.<\/p>\n\n\n\n<p>Na avalia\u00e7\u00e3o de Camilo Santana, a campanha de Evandro Leit\u00e3o est\u00e1 ganhando ritmo e volume, com aceita\u00e7\u00e3o boa nas ruas. Para ele, a popula\u00e7\u00e3o vem conhecendo aos poucos as propostas de Evandro para Fortaleza. &#8220;O time do Evandro \u00e9 o time do Lula, do Elmano, do Minha casa, Minha vida, do Bolsa Fam\u00edlia, do Mais M\u00e9dicos, do Farm\u00e1cia Popular, do P\u00e9 de Meia, de quem faz mais pelo povo&#8221;, destacou.<\/p>\n\n\n\n<p>Tamb\u00e9m participaram da caminhada pelo Ant\u00f4nio Bezerra a candidata a vice Gabriella Aguiar (PSD), o ex-deputado e ex-vereador Acr\u00edsio Sena, os deputados estaduais petistas Guilherme Sampaio, Larissa Gaspar, Juliana Lucena e Francisco de Assis Diniz e o deputado federal Luiz Gast\u00e3o, presidente do PSD em Fortaleza.<br><\/p>\n\n\n\n<figure class=\"wp-block-image size-large\"><img loading=\"lazy\" decoding=\"async\" width=\"1024\" height=\"683\" src=\"https:\/\/blogdorogeriogomes.com.br\/noticias\/wp-content\/uploads\/2024\/09\/IMG-20240909-WA0028-1024x683.jpg\" alt=\"\" class=\"wp-image-33930\" srcset=\"https:\/\/blogdorogeriogomes.com.br\/noticias\/wp-content\/uploads\/2024\/09\/IMG-20240909-WA0028-1024x683.jpg 1024w, https:\/\/blogdorogeriogomes.com.br\/noticias\/wp-content\/uploads\/2024\/09\/IMG-20240909-WA0028-300x200.jpg 300w, https:\/\/blogdorogeriogomes.com.br\/noticias\/wp-content\/uploads\/2024\/09\/IMG-20240909-WA0028-768x512.jpg 768w, https:\/\/blogdorogeriogomes.com.br\/noticias\/wp-content\/uploads\/2024\/09\/IMG-20240909-WA0028-800x533.jpg 800w, https:\/\/blogdorogeriogomes.com.br\/noticias\/wp-content\/uploads\/2024\/09\/IMG-20240909-WA0028.jpg 1080w\" sizes=\"auto, (max-width: 1024px) 100vw, 1024px\" \/><\/figure>\n\n\n\n<p><br><\/p>\n","protected":false},"excerpt":{"rendered":"<p>O candidato do PT \u00e0 Prefeitura de Fortaleza, Evandro Leit\u00e3o (PT), aproveitou o domingo, dia 8 de setembro, para fazer uma caminhada pelo bairro Ant\u00f4nio Bezerra. Ele esteve ao lado do ministro da Educa\u00e7\u00e3o, Camilo Santana, e do governador Elmano de Freitas. Camilo, inclusive, vai tirar uma licen\u00e7a do minist\u00e9rio, para se engajar diretamente na campanha de Evandro Leit\u00e3o e de outros petistas no interior do Cear\u00e1. Na avalia\u00e7\u00e3o de Camilo Santana, a campanha de Evandro Leit\u00e3o est\u00e1 ganhando&hellip;<\/p>\n","protected":false},"author":1,"featured_media":33930,"comment_status":"open","ping_status":"open","sticky":false,"template":"","format":"standard","meta":{"footnotes":""},"categories":[1],"tags":[],"class_list":["post-33929","post","type-post","status-publish","format-standard","has-post-thumbnail","hentry","category-noticias"],"_links":{"self":[{"href":"https:\/\/blogdorogeriogomes.com.br\/noticias\/wp-json\/wp\/v2\/posts\/33929","targetHints":{"allow":["GET"]}}],"collection":[{"href":"https:\/\/blogdorogeriogomes.com.br\/noticias\/wp-json\/wp\/v2\/posts"}],"about":[{"href":"https:\/\/blogdorogeriogomes.com.br\/noticias\/wp-json\/wp\/v2\/types\/post"}],"author":[{"embeddable":true,"href":"https:\/\/blogdorogeriogomes.com.br\/noticias\/wp-json\/wp\/v2\/users\/1"}],"replies":[{"embeddable":true,"href":"https:\/\/blogdorogeriogomes.com.br\/noticias\/wp-json\/wp\/v2\/comments?post=33929"}],"version-history":[{"count":2,"href":"https:\/\/blogdorogeriogomes.com.br\/noticias\/wp-json\/wp\/v2\/posts\/33929\/revisions"}],"predecessor-version":[{"id":33932,"href":"https:\/\/blogdorogeriogomes.com.br\/noticias\/wp-json\/wp\/v2\/posts\/33929\/revisions\/33932"}],"wp:featuredmedia":[{"embeddable":true,"href":"https:\/\/blogdorogeriogomes.com.br\/noticias\/wp-json\/wp\/v2\/media\/33930"}],"wp:attachment":[{"href":"https:\/\/blogdorogeriogomes.com.br\/noticias\/wp-json\/wp\/v2\/media?parent=33929"}],"wp:term":[{"taxonomy":"category","embeddable":true,"href":"https:\/\/blogdorogeriogomes.com.br\/noticias\/wp-json\/wp\/v2\/categories?post=33929"},{"taxonomy":"post_tag","embeddable":true,"href":"https:\/\/blogdorogeriogomes.com.br\/noticias\/wp-json\/wp\/v2\/tags?post=33929"}],"curies":[{"name":"wp","href":"https:\/\/api.w.org\/{rel}","templated":true}]}}