{"id":40489,"date":"2026-04-27T11:58:03","date_gmt":"2026-04-27T11:58:03","guid":{"rendered":"https:\/\/blogdorogeriogomes.com.br\/noticias\/?p=40489"},"modified":"2026-04-27T11:58:04","modified_gmt":"2026-04-27T11:58:04","slug":"liderancas-cearenses-participam-de-congresso-do-pt-em-brasilia-e-confirmam-candidatura-de-elmano-de-freitas-a-reeleicao-no-ceara","status":"publish","type":"post","link":"https:\/\/blogdorogeriogomes.com.br\/noticias\/2026\/04\/liderancas-cearenses-participam-de-congresso-do-pt-em-brasilia-e-confirmam-candidatura-de-elmano-de-freitas-a-reeleicao-no-ceara\/","title":{"rendered":"Lideran\u00e7as cearenses participam de Congresso do PT em Bras\u00edlia e confirmam candidatura de Elmano de Freitas \u00e0 reelei\u00e7\u00e3o no Cear\u00e1"},"content":{"rendered":"\n<p>Lideran\u00e7as cearenses estiveram em Bras\u00edlia, neste domingo, dia 26 de abril, para participar do 8\u00b0 Congresso Brasil Justo do PT. O governador Elmano de Freitas, o senador Camilo Santana, o ministro Jos\u00e9 Guimar\u00e3es, o prefeito de Fortaleza, Evandro Leit\u00e3o, e o ex-chefe da Casa Civil, Chagas Vieira, estiveram no encontro e reafirmaram a candidatura de Elmano de Freitas \u00e0 reelei\u00e7\u00e3o no Governo do Estado.<\/p>\n\n\n\n<p>Na conversa que tiveram com o presidente nacional do PT, Edinho Silva, as diretrizes tra\u00e7adas s\u00e3o a busca da reelei\u00e7\u00e3o de Elmano ao Governo, o apoio a uma das vagas ao Senado com Cid Gomes ou outro nome do PSB, e a outra vaga que ser\u00e1 articulada entre partidos da base aliada no Cear\u00e1. Eun\u00edcio Oliveira (MDB) \u00e9 um dos cotados para ficar com a segunda vaga.<\/p>\n\n\n\n<p>Em jogo ainda est\u00e1 o nome de quem vai ocupar a vaga de vice na chapa com Elmano de Freitas. A atual vice-prefeita de Fortaleza, Gabriella Aguiar, teve o nome ventilado, mas atual vice-governadora Jade Romero tamb\u00e9m tem interesse em permanecer. Defini\u00e7\u00f5es que s\u00f3 devem acontecer at\u00e9 julho.<\/p>\n\n\n\n<figure class=\"wp-block-image size-full\"><img loading=\"lazy\" decoding=\"async\" width=\"654\" height=\"469\" src=\"https:\/\/blogdorogeriogomes.com.br\/noticias\/wp-content\/uploads\/2026\/04\/images-23.jpeg\" alt=\"\" class=\"wp-image-40490\" srcset=\"https:\/\/blogdorogeriogomes.com.br\/noticias\/wp-content\/uploads\/2026\/04\/images-23.jpeg 654w, https:\/\/blogdorogeriogomes.com.br\/noticias\/wp-content\/uploads\/2026\/04\/images-23-300x215.jpeg 300w\" sizes=\"auto, (max-width: 654px) 100vw, 654px\" \/><\/figure>\n","protected":false},"excerpt":{"rendered":"<p>Lideran\u00e7as cearenses estiveram em Bras\u00edlia, neste domingo, dia 26 de abril, para participar do 8\u00b0 Congresso Brasil Justo do PT. O governador Elmano de Freitas, o senador Camilo Santana, o ministro Jos\u00e9 Guimar\u00e3es, o prefeito de Fortaleza, Evandro Leit\u00e3o, e o ex-chefe da Casa Civil, Chagas Vieira, estiveram no encontro e reafirmaram a candidatura de Elmano de Freitas \u00e0 reelei\u00e7\u00e3o no Governo do Estado. Na conversa que tiveram com o presidente nacional do PT, Edinho Silva, as diretrizes tra\u00e7adas&hellip;<\/p>\n","protected":false},"author":1,"featured_media":40490,"comment_status":"open","ping_status":"open","sticky":false,"template":"","format":"standard","meta":{"footnotes":""},"categories":[1],"tags":[],"class_list":["post-40489","post","type-post","status-publish","format-standard","has-post-thumbnail","hentry","category-noticias"],"_links":{"self":[{"href":"https:\/\/blogdorogeriogomes.com.br\/noticias\/wp-json\/wp\/v2\/posts\/40489","targetHints":{"allow":["GET"]}}],"collection":[{"href":"https:\/\/blogdorogeriogomes.com.br\/noticias\/wp-json\/wp\/v2\/posts"}],"about":[{"href":"https:\/\/blogdorogeriogomes.com.br\/noticias\/wp-json\/wp\/v2\/types\/post"}],"author":[{"embeddable":true,"href":"https:\/\/blogdorogeriogomes.com.br\/noticias\/wp-json\/wp\/v2\/users\/1"}],"replies":[{"embeddable":true,"href":"https:\/\/blogdorogeriogomes.com.br\/noticias\/wp-json\/wp\/v2\/comments?post=40489"}],"version-history":[{"count":1,"href":"https:\/\/blogdorogeriogomes.com.br\/noticias\/wp-json\/wp\/v2\/posts\/40489\/revisions"}],"predecessor-version":[{"id":40491,"href":"https:\/\/blogdorogeriogomes.com.br\/noticias\/wp-json\/wp\/v2\/posts\/40489\/revisions\/40491"}],"wp:featuredmedia":[{"embeddable":true,"href":"https:\/\/blogdorogeriogomes.com.br\/noticias\/wp-json\/wp\/v2\/media\/40490"}],"wp:attachment":[{"href":"https:\/\/blogdorogeriogomes.com.br\/noticias\/wp-json\/wp\/v2\/media?parent=40489"}],"wp:term":[{"taxonomy":"category","embeddable":true,"href":"https:\/\/blogdorogeriogomes.com.br\/noticias\/wp-json\/wp\/v2\/categories?post=40489"},{"taxonomy":"post_tag","embeddable":true,"href":"https:\/\/blogdorogeriogomes.com.br\/noticias\/wp-json\/wp\/v2\/tags?post=40489"}],"curies":[{"name":"wp","href":"https:\/\/api.w.org\/{rel}","templated":true}]}}