{"id":40492,"date":"2026-04-27T12:10:30","date_gmt":"2026-04-27T12:10:30","guid":{"rendered":"https:\/\/blogdorogeriogomes.com.br\/noticias\/?p=40492"},"modified":"2026-04-27T12:10:30","modified_gmt":"2026-04-27T12:10:30","slug":"santana-do-cariri-ganha-complexo-religioso-com-homenagem-a-beata-menina-benigna","status":"publish","type":"post","link":"https:\/\/blogdorogeriogomes.com.br\/noticias\/2026\/04\/santana-do-cariri-ganha-complexo-religioso-com-homenagem-a-beata-menina-benigna\/","title":{"rendered":"Santana do Cariri ganha complexo religioso com homenagem \u00e0\u00a0Beata Menina Benigna"},"content":{"rendered":"\n<p>O munic\u00edpio de Santana do Cariri, no Sul do Cear\u00e1, inaugurou no \u00faltimo s\u00e1bado, dia 25 de abril, o santu\u00e1rio e todo o complexo com homenagem \u00e0\u00a0Beata Menina Benigna. A \u00e1rea de aproximadamente 48 mil m\u00b2, que recebeu investimento de R$ 16,9 milh\u00f5es, conta com est\u00e1tua de 26 metros, trilha para romaria, esplanada para cerim\u00f4nias e amplo estacionamento. A inaugura\u00e7\u00e3o contou com a participa\u00e7\u00e3o do governador Elmano de Freitas e tamb\u00e9m teve a presen\u00e7a do senador Camilo Santana, entre outras autoridades.<\/p>\n\n\n\n<p>O novo espa\u00e7o, adequado ao turismo religioso, poder\u00e1 receber com mais conforto os milhares de devotos da Beata, que se concentram especialmente nas festividades voltadas para a Menina Benigna em outubro. O local tamb\u00e9m ser\u00e1 respons\u00e1vel por impulsionar, cada vez mais, o turismo na regi\u00e3o do Cariri, destino cearense que recebe cerca de 2,5 milh\u00f5es de romeiros e visitantes por ano.<\/p>\n\n\n\n<p>Nascida em 15 de outubro de 1928, no distrito de Inhumas, Benigna Cardoso da Silva foi assassinada aos 13 anos ao resistir a ass\u00e9dio sexual.\u00a0A resist\u00eancia da jovem \u00e0s agress\u00f5es acabou virando um s\u00edmbolo da f\u00e9 popular e da luta contra abusos sofridos por mulheres, crian\u00e7as e adolescentes, tamb\u00e9m cunhando\u00a0para a futura Beata o termo \u201cHero\u00edna da Castidade\u201d.<\/p>\n\n\n\n<figure class=\"wp-block-image size-large\"><img loading=\"lazy\" decoding=\"async\" width=\"1024\" height=\"444\" src=\"https:\/\/blogdorogeriogomes.com.br\/noticias\/wp-content\/uploads\/2026\/04\/WhatsApp-Image-2026-04-25-at-22.32.04-1071x464-1-1024x444.jpeg\" alt=\"\" class=\"wp-image-40493\" srcset=\"https:\/\/blogdorogeriogomes.com.br\/noticias\/wp-content\/uploads\/2026\/04\/WhatsApp-Image-2026-04-25-at-22.32.04-1071x464-1-1024x444.jpeg 1024w, https:\/\/blogdorogeriogomes.com.br\/noticias\/wp-content\/uploads\/2026\/04\/WhatsApp-Image-2026-04-25-at-22.32.04-1071x464-1-300x130.jpeg 300w, https:\/\/blogdorogeriogomes.com.br\/noticias\/wp-content\/uploads\/2026\/04\/WhatsApp-Image-2026-04-25-at-22.32.04-1071x464-1-768x333.jpeg 768w, https:\/\/blogdorogeriogomes.com.br\/noticias\/wp-content\/uploads\/2026\/04\/WhatsApp-Image-2026-04-25-at-22.32.04-1071x464-1-800x347.jpeg 800w, https:\/\/blogdorogeriogomes.com.br\/noticias\/wp-content\/uploads\/2026\/04\/WhatsApp-Image-2026-04-25-at-22.32.04-1071x464-1.jpeg 1071w\" sizes=\"auto, (max-width: 1024px) 100vw, 1024px\" \/><\/figure>\n","protected":false},"excerpt":{"rendered":"<p>O munic\u00edpio de Santana do Cariri, no Sul do Cear\u00e1, inaugurou no \u00faltimo s\u00e1bado, dia 25 de abril, o santu\u00e1rio e todo o complexo com homenagem \u00e0\u00a0Beata Menina Benigna. A \u00e1rea de aproximadamente 48 mil m\u00b2, que recebeu investimento de R$ 16,9 milh\u00f5es, conta com est\u00e1tua de 26 metros, trilha para romaria, esplanada para cerim\u00f4nias e amplo estacionamento. A inaugura\u00e7\u00e3o contou com a participa\u00e7\u00e3o do governador Elmano de Freitas e tamb\u00e9m teve a presen\u00e7a do senador Camilo Santana, entre&hellip;<\/p>\n","protected":false},"author":1,"featured_media":40494,"comment_status":"open","ping_status":"open","sticky":false,"template":"","format":"standard","meta":{"footnotes":""},"categories":[1],"tags":[],"class_list":["post-40492","post","type-post","status-publish","format-standard","has-post-thumbnail","hentry","category-noticias"],"_links":{"self":[{"href":"https:\/\/blogdorogeriogomes.com.br\/noticias\/wp-json\/wp\/v2\/posts\/40492","targetHints":{"allow":["GET"]}}],"collection":[{"href":"https:\/\/blogdorogeriogomes.com.br\/noticias\/wp-json\/wp\/v2\/posts"}],"about":[{"href":"https:\/\/blogdorogeriogomes.com.br\/noticias\/wp-json\/wp\/v2\/types\/post"}],"author":[{"embeddable":true,"href":"https:\/\/blogdorogeriogomes.com.br\/noticias\/wp-json\/wp\/v2\/users\/1"}],"replies":[{"embeddable":true,"href":"https:\/\/blogdorogeriogomes.com.br\/noticias\/wp-json\/wp\/v2\/comments?post=40492"}],"version-history":[{"count":1,"href":"https:\/\/blogdorogeriogomes.com.br\/noticias\/wp-json\/wp\/v2\/posts\/40492\/revisions"}],"predecessor-version":[{"id":40495,"href":"https:\/\/blogdorogeriogomes.com.br\/noticias\/wp-json\/wp\/v2\/posts\/40492\/revisions\/40495"}],"wp:featuredmedia":[{"embeddable":true,"href":"https:\/\/blogdorogeriogomes.com.br\/noticias\/wp-json\/wp\/v2\/media\/40494"}],"wp:attachment":[{"href":"https:\/\/blogdorogeriogomes.com.br\/noticias\/wp-json\/wp\/v2\/media?parent=40492"}],"wp:term":[{"taxonomy":"category","embeddable":true,"href":"https:\/\/blogdorogeriogomes.com.br\/noticias\/wp-json\/wp\/v2\/categories?post=40492"},{"taxonomy":"post_tag","embeddable":true,"href":"https:\/\/blogdorogeriogomes.com.br\/noticias\/wp-json\/wp\/v2\/tags?post=40492"}],"curies":[{"name":"wp","href":"https:\/\/api.w.org\/{rel}","templated":true}]}}