{"id":40499,"date":"2026-04-27T12:55:31","date_gmt":"2026-04-27T12:55:31","guid":{"rendered":"https:\/\/blogdorogeriogomes.com.br\/noticias\/?p=40499"},"modified":"2026-04-27T12:56:30","modified_gmt":"2026-04-27T12:56:30","slug":"apos-forte-chuva-cratera-se-abre-na-ce-025-em-aquiraz-provoca-prejuizo-em-tres-veiculos-e-deixa-um-morto","status":"publish","type":"post","link":"https:\/\/blogdorogeriogomes.com.br\/noticias\/2026\/04\/apos-forte-chuva-cratera-se-abre-na-ce-025-em-aquiraz-provoca-prejuizo-em-tres-veiculos-e-deixa-um-morto\/","title":{"rendered":"Apos forte chuva, cratera se abre na CE-025 em Aquiraz, provoca preju\u00edzo em tr\u00eas ve\u00edculos e deixa um morto"},"content":{"rendered":"\n<p>Ap\u00f3s fortes chuvas na madrugada, uma cratera foi aberta num trecho da CE-025, estrada que liga Fortaleza a Aquiraz, na manh\u00e3 desta segunda-feira, dia 27 de abril. A pista cedeu por volta das 4h30min no trecho que d\u00e1 acesso ao Porto das Dunas e ao Beach Park. Um homem que estava em uma moto no momento em que a estrada cedeu veio a \u00f3bito. Um carro e duas motos ca\u00edram no buraco e outro ve\u00edculo ficou prestes a cair. Ambul\u00e2ncias foram ao local e uma pessoa foi levada ao hospital. Todas as faixas da via foram interditadas pela Pol\u00edcia Rodovi\u00e1ria Estadual (PRE).&nbsp;<\/p>\n\n\n\n<p>O carro que caiu no buraco estava a servi\u00e7o da Secretaria de Sa\u00fade para transporte de pacientes com consulta marcada em Fortaleza.&nbsp;A Superintend\u00eancia de Obras P\u00fablicas do Cear\u00e1 (SOP), respons\u00e1vel pela infraestrutura da pista, disse que enviou uma equipe para refor\u00e7ar o isolamento da \u00e1rea e iniciar a reconstru\u00e7\u00e3o do trecho.<\/p>\n\n\n\n<figure class=\"wp-block-image size-large\"><img loading=\"lazy\" decoding=\"async\" width=\"1024\" height=\"576\" src=\"https:\/\/blogdorogeriogomes.com.br\/noticias\/wp-content\/uploads\/2026\/04\/WhatsApp-Image-2026-04-27-at-09.09.05-1024x576.webp\" alt=\"\" class=\"wp-image-40500\" srcset=\"https:\/\/blogdorogeriogomes.com.br\/noticias\/wp-content\/uploads\/2026\/04\/WhatsApp-Image-2026-04-27-at-09.09.05-1024x576.webp 1024w, https:\/\/blogdorogeriogomes.com.br\/noticias\/wp-content\/uploads\/2026\/04\/WhatsApp-Image-2026-04-27-at-09.09.05-300x169.webp 300w, https:\/\/blogdorogeriogomes.com.br\/noticias\/wp-content\/uploads\/2026\/04\/WhatsApp-Image-2026-04-27-at-09.09.05-768x432.webp 768w, https:\/\/blogdorogeriogomes.com.br\/noticias\/wp-content\/uploads\/2026\/04\/WhatsApp-Image-2026-04-27-at-09.09.05-800x450.webp 800w, https:\/\/blogdorogeriogomes.com.br\/noticias\/wp-content\/uploads\/2026\/04\/WhatsApp-Image-2026-04-27-at-09.09.05.webp 1276w\" sizes=\"auto, (max-width: 1024px) 100vw, 1024px\" \/><\/figure>\n","protected":false},"excerpt":{"rendered":"<p>Ap\u00f3s fortes chuvas na madrugada, uma cratera foi aberta num trecho da CE-025, estrada que liga Fortaleza a Aquiraz, na manh\u00e3 desta segunda-feira, dia 27 de abril. A pista cedeu por volta das 4h30min no trecho que d\u00e1 acesso ao Porto das Dunas e ao Beach Park. Um homem que estava em uma moto no momento em que a estrada cedeu veio a \u00f3bito. Um carro e duas motos ca\u00edram no buraco e outro ve\u00edculo ficou prestes a cair.&hellip;<\/p>\n","protected":false},"author":1,"featured_media":40500,"comment_status":"open","ping_status":"open","sticky":false,"template":"","format":"standard","meta":{"footnotes":""},"categories":[1],"tags":[],"class_list":["post-40499","post","type-post","status-publish","format-standard","has-post-thumbnail","hentry","category-noticias"],"_links":{"self":[{"href":"https:\/\/blogdorogeriogomes.com.br\/noticias\/wp-json\/wp\/v2\/posts\/40499","targetHints":{"allow":["GET"]}}],"collection":[{"href":"https:\/\/blogdorogeriogomes.com.br\/noticias\/wp-json\/wp\/v2\/posts"}],"about":[{"href":"https:\/\/blogdorogeriogomes.com.br\/noticias\/wp-json\/wp\/v2\/types\/post"}],"author":[{"embeddable":true,"href":"https:\/\/blogdorogeriogomes.com.br\/noticias\/wp-json\/wp\/v2\/users\/1"}],"replies":[{"embeddable":true,"href":"https:\/\/blogdorogeriogomes.com.br\/noticias\/wp-json\/wp\/v2\/comments?post=40499"}],"version-history":[{"count":2,"href":"https:\/\/blogdorogeriogomes.com.br\/noticias\/wp-json\/wp\/v2\/posts\/40499\/revisions"}],"predecessor-version":[{"id":40502,"href":"https:\/\/blogdorogeriogomes.com.br\/noticias\/wp-json\/wp\/v2\/posts\/40499\/revisions\/40502"}],"wp:featuredmedia":[{"embeddable":true,"href":"https:\/\/blogdorogeriogomes.com.br\/noticias\/wp-json\/wp\/v2\/media\/40500"}],"wp:attachment":[{"href":"https:\/\/blogdorogeriogomes.com.br\/noticias\/wp-json\/wp\/v2\/media?parent=40499"}],"wp:term":[{"taxonomy":"category","embeddable":true,"href":"https:\/\/blogdorogeriogomes.com.br\/noticias\/wp-json\/wp\/v2\/categories?post=40499"},{"taxonomy":"post_tag","embeddable":true,"href":"https:\/\/blogdorogeriogomes.com.br\/noticias\/wp-json\/wp\/v2\/tags?post=40499"}],"curies":[{"name":"wp","href":"https:\/\/api.w.org\/{rel}","templated":true}]}}