{"id":40506,"date":"2026-04-27T19:22:26","date_gmt":"2026-04-27T19:22:26","guid":{"rendered":"https:\/\/blogdorogeriogomes.com.br\/noticias\/?p=40506"},"modified":"2026-04-27T19:22:26","modified_gmt":"2026-04-27T19:22:26","slug":"rota-das-falesias-intensifica-promocao-turistica-e-amplia-presenca-em-feiras-nacionais-e-internacionais-em-2026","status":"publish","type":"post","link":"https:\/\/blogdorogeriogomes.com.br\/noticias\/2026\/04\/rota-das-falesias-intensifica-promocao-turistica-e-amplia-presenca-em-feiras-nacionais-e-internacionais-em-2026\/","title":{"rendered":"Rota das Fal\u00e9sias intensifica promo\u00e7\u00e3o tur\u00edstica e amplia presen\u00e7a em feiras nacionais e internacionais em 2026"},"content":{"rendered":"\n<p>A Rota das Fal\u00e9sias segue fortalecendo sua atua\u00e7\u00e3o no cen\u00e1rio tur\u00edstico nacional e internacional por meio de uma agenda estrat\u00e9gica de participa\u00e7\u00e3o em feiras e eventos do setor ao longo de 2026. A iniciativa tem como objetivo ampliar a visibilidade dos destinos que integram o roteiro, atrair novos visitantes e impulsionar o desenvolvimento econ\u00f4mico do litoral leste do Cear\u00e1.<br>Entre os dias 14 e 16 de abril, representantes da Rota das Fal\u00e9sias participaram da WTM Latin America, realizada em S\u00e3o Paulo, considerada uma das principais feiras de turismo da Am\u00e9rica Latina. Durante o evento, a comitiva integrou rodadas de neg\u00f3cios, workshops, apresenta\u00e7\u00f5es institucionais e encontros com operadoras e agentes de viagens, em articula\u00e7\u00e3o com a Secretaria do Turismo do Estado do Cear\u00e1 (SETUR).<br>Na sequ\u00eancia, entre os dias 22 e 24 de abril, o destino tamb\u00e9m marcou presen\u00e7a na Minas Travel Market, em Belo Horizonte (MG), refor\u00e7ando sua estrat\u00e9gia de promo\u00e7\u00e3o e relacionamento com o trade tur\u00edstico nacional. A participa\u00e7\u00e3o incluiu a\u00e7\u00f5es de networking, prospec\u00e7\u00e3o de parcerias e divulga\u00e7\u00e3o dos principais atrativos da regi\u00e3o.<br>Como parte do planejamento estrat\u00e9gico, a Rota das Fal\u00e9sias realizar\u00e1, no m\u00eas de maio, o Semin\u00e1rio de Integra\u00e7\u00e3o, no munic\u00edpio de Aracati (CE). O encontro reunir\u00e1 gestores p\u00fablicos, empres\u00e1rios e representantes do setor para debater estrat\u00e9gias de desenvolvimento regional, fortalecer o trabalho conjunto entre os munic\u00edpios e alinhar a\u00e7\u00f5es de promo\u00e7\u00e3o tur\u00edstica.<br>A agenda de 2026 inclui ainda a participa\u00e7\u00e3o em eventos de grande relev\u00e2ncia, como o Sal\u00e3o do Turismo, em Fortaleza (CE); BNT Mercosul, em Balne\u00e1rio Cambori\u00fa (SC); FIT Cataratas, em Foz do Igua\u00e7u (PR); Expo Goi\u00e1s; Festuris, em Gramado (RS); FIT Argentina; ABAV Expo, em S\u00e3o Paulo (SP); e ARRVIP, tamb\u00e9m em S\u00e3o Paulo.<br>Para o idealizador da Rota das Fal\u00e9sias, Mamede Rebou\u00e7as, a presen\u00e7a nesses eventos \u00e9 fundamental para consolidar o destino no mercado. \u201cEstamos trabalhando de forma estrat\u00e9gica para posicionar a Rota das Fal\u00e9sias como um dos principais destinos tur\u00edsticos do Brasil. A participa\u00e7\u00e3o em feiras \u00e9 essencial para gerar neg\u00f3cios, fortalecer parcerias e ampliar a visibilidade do Cear\u00e1 no cen\u00e1rio nacional e internacional\u201d, destaca.<br>Reconhecida pelas fal\u00e9sias coloridas, praias paradis\u00edacas, rica cultura e gastronomia, a Rota das Fal\u00e9sias re\u00fane destinos do litoral leste cearense e se consolida como refer\u00eancia em turismo de experi\u00eancia e sustentabilidade no Nordeste brasileiro.<br>A participa\u00e7\u00e3o em feiras especializadas e a realiza\u00e7\u00e3o de eventos institucionais fazem parte de um planejamento cont\u00ednuo que visa ampliar a inser\u00e7\u00e3o no mercado tur\u00edstico, fortalecer a imagem dos munic\u00edpios integrantes e promover o desenvolvimento de toda a cadeia produtiva do setor.<br>A Rota das Fal\u00e9sias integra destinos tur\u00edsticos do litoral leste do Cear\u00e1, conhecidos por suas paisagens naturais, diversidade cultural e potencial para o turismo sustent\u00e1vel. O roteiro re\u00fane praias, fal\u00e9sias, gastronomia regional e experi\u00eancias aut\u00eanticas, consolidando-se como um dos principais produtos tur\u00edsticos do Nordeste.<br><\/p>\n\n\n\n<figure class=\"wp-block-image size-large\"><img loading=\"lazy\" decoding=\"async\" width=\"576\" height=\"1024\" src=\"https:\/\/blogdorogeriogomes.com.br\/noticias\/wp-content\/uploads\/2026\/04\/IMG-20260427-WA0112-576x1024.jpg\" alt=\"\" class=\"wp-image-40507\" srcset=\"https:\/\/blogdorogeriogomes.com.br\/noticias\/wp-content\/uploads\/2026\/04\/IMG-20260427-WA0112-576x1024.jpg 576w, https:\/\/blogdorogeriogomes.com.br\/noticias\/wp-content\/uploads\/2026\/04\/IMG-20260427-WA0112-169x300.jpg 169w, https:\/\/blogdorogeriogomes.com.br\/noticias\/wp-content\/uploads\/2026\/04\/IMG-20260427-WA0112-768x1365.jpg 768w, https:\/\/blogdorogeriogomes.com.br\/noticias\/wp-content\/uploads\/2026\/04\/IMG-20260427-WA0112-864x1536.jpg 864w, https:\/\/blogdorogeriogomes.com.br\/noticias\/wp-content\/uploads\/2026\/04\/IMG-20260427-WA0112-800x1422.jpg 800w, https:\/\/blogdorogeriogomes.com.br\/noticias\/wp-content\/uploads\/2026\/04\/IMG-20260427-WA0112.jpg 900w\" sizes=\"auto, (max-width: 576px) 100vw, 576px\" \/><\/figure>\n","protected":false},"excerpt":{"rendered":"<p>A Rota das Fal\u00e9sias segue fortalecendo sua atua\u00e7\u00e3o no cen\u00e1rio tur\u00edstico nacional e internacional por meio de uma agenda estrat\u00e9gica de participa\u00e7\u00e3o em feiras e eventos do setor ao longo de 2026. A iniciativa tem como objetivo ampliar a visibilidade dos destinos que integram o roteiro, atrair novos visitantes e impulsionar o desenvolvimento econ\u00f4mico do litoral leste do Cear\u00e1.Entre os dias 14 e 16 de abril, representantes da Rota das Fal\u00e9sias participaram da WTM Latin America, realizada em S\u00e3o&hellip;<\/p>\n","protected":false},"author":1,"featured_media":40508,"comment_status":"open","ping_status":"open","sticky":false,"template":"","format":"standard","meta":{"footnotes":""},"categories":[1],"tags":[],"class_list":["post-40506","post","type-post","status-publish","format-standard","has-post-thumbnail","hentry","category-noticias"],"_links":{"self":[{"href":"https:\/\/blogdorogeriogomes.com.br\/noticias\/wp-json\/wp\/v2\/posts\/40506","targetHints":{"allow":["GET"]}}],"collection":[{"href":"https:\/\/blogdorogeriogomes.com.br\/noticias\/wp-json\/wp\/v2\/posts"}],"about":[{"href":"https:\/\/blogdorogeriogomes.com.br\/noticias\/wp-json\/wp\/v2\/types\/post"}],"author":[{"embeddable":true,"href":"https:\/\/blogdorogeriogomes.com.br\/noticias\/wp-json\/wp\/v2\/users\/1"}],"replies":[{"embeddable":true,"href":"https:\/\/blogdorogeriogomes.com.br\/noticias\/wp-json\/wp\/v2\/comments?post=40506"}],"version-history":[{"count":1,"href":"https:\/\/blogdorogeriogomes.com.br\/noticias\/wp-json\/wp\/v2\/posts\/40506\/revisions"}],"predecessor-version":[{"id":40509,"href":"https:\/\/blogdorogeriogomes.com.br\/noticias\/wp-json\/wp\/v2\/posts\/40506\/revisions\/40509"}],"wp:featuredmedia":[{"embeddable":true,"href":"https:\/\/blogdorogeriogomes.com.br\/noticias\/wp-json\/wp\/v2\/media\/40508"}],"wp:attachment":[{"href":"https:\/\/blogdorogeriogomes.com.br\/noticias\/wp-json\/wp\/v2\/media?parent=40506"}],"wp:term":[{"taxonomy":"category","embeddable":true,"href":"https:\/\/blogdorogeriogomes.com.br\/noticias\/wp-json\/wp\/v2\/categories?post=40506"},{"taxonomy":"post_tag","embeddable":true,"href":"https:\/\/blogdorogeriogomes.com.br\/noticias\/wp-json\/wp\/v2\/tags?post=40506"}],"curies":[{"name":"wp","href":"https:\/\/api.w.org\/{rel}","templated":true}]}}