{"id":40510,"date":"2026-04-28T09:46:55","date_gmt":"2026-04-28T09:46:55","guid":{"rendered":"https:\/\/blogdorogeriogomes.com.br\/noticias\/?p=40510"},"modified":"2026-04-28T09:46:55","modified_gmt":"2026-04-28T09:46:55","slug":"governo-do-ceara-mobiliza-orgaos-de-seguranca-apos-ocorrencias-em-aquiraz-e-tiangua-elmano-de-freitas-promete-apoio-financeiro-para-ajudar-comunidades-atingidas-pelas-chuvas","status":"publish","type":"post","link":"https:\/\/blogdorogeriogomes.com.br\/noticias\/2026\/04\/governo-do-ceara-mobiliza-orgaos-de-seguranca-apos-ocorrencias-em-aquiraz-e-tiangua-elmano-de-freitas-promete-apoio-financeiro-para-ajudar-comunidades-atingidas-pelas-chuvas\/","title":{"rendered":"Governo do Cear\u00e1 mobiliza \u00f3rg\u00e3os de seguran\u00e7a ap\u00f3s ocorr\u00eancias em Aquiraz e Tiangu\u00e1. Elmano de Freitas promete apoio financeiro para ajudar comunidades atingidas pelas chuvas"},"content":{"rendered":"\n<p>O governador do Cear\u00e1, Elmano de Freitas (PT), acompanhou de perto as a\u00e7\u00f5es do Corpo de Bombeiros e Defesa Civil ap\u00f3s as ocorr\u00eancias provocadas pelas chuvas em Aquiraz e Tiangu\u00e1, nesta segunda-feira, dia 27 de abril, que resultaram em duas mortes. Em Aquiraz, uma cratera foi aberta na CE-025 e em Tiangu\u00e1 houve o desabamento de um hotel e preju\u00edzos na zona rural do munic\u00edpio. \u201cDeterminei medidas imediatas das secretarias do Governo. As nossas equipes do Corpo de Bombeiros, Defesa Civil, Pol\u00edcia Militar e de outros \u00f3rg\u00e3os est\u00e3o trabalhando de forma ininterrupta\u201d, disse o governador.<\/p>\n\n\n\n<p>Elmano de Freitas esteve em Tiangu\u00e1 acompanhado do presidente da Assembleia Legislativa do Cear\u00e1, Romeu Aldigueri (PSB). \u201cEstamos aqui, primeiro, para prestar a nossa solidariedade e, segundo, para atuar na redu\u00e7\u00e3o m\u00e1xima dos danos ocorridos, em parceria com a prefeitura da cidade\u201d, ressaltou o governador. <\/p>\n\n\n\n<p>Nas comunidades atingidas pela chuva, Elmano garantiu apoio financeiro do Estado. \u201cVamos garantir recursos para recuperar pontes que foram destru\u00eddas e amenizar a situa\u00e7\u00e3o das comunidades isoladas. Iremos atuar fortemente para assegurar que a popula\u00e7\u00e3o possa retomar seu dia a dia\u201d, afirmou.<\/p>\n\n\n\n<p>No acumulado desde as 7 horas de sexta-feira, dia 24, at\u00e9 as 7 horas de segunda-feira, dia 27, foram mais de 204mm em chuvas no munic\u00edpio de Tiangu\u00e1, na Serra da Ibiapaba, de acordo com o levantamento da Funda\u00e7\u00e3o Cearense de Meteorologia e Recursos H\u00eddricos (Funceme).<\/p>\n\n\n\n<figure class=\"wp-block-image size-large\"><img loading=\"lazy\" decoding=\"async\" width=\"1024\" height=\"768\" src=\"https:\/\/blogdorogeriogomes.com.br\/noticias\/wp-content\/uploads\/2026\/04\/c06dee55-5c47-4af6-bf57-01d3fe4ee001-1200x900-1-1024x768.jpg\" alt=\"\" class=\"wp-image-40511\" srcset=\"https:\/\/blogdorogeriogomes.com.br\/noticias\/wp-content\/uploads\/2026\/04\/c06dee55-5c47-4af6-bf57-01d3fe4ee001-1200x900-1-1024x768.jpg 1024w, https:\/\/blogdorogeriogomes.com.br\/noticias\/wp-content\/uploads\/2026\/04\/c06dee55-5c47-4af6-bf57-01d3fe4ee001-1200x900-1-300x225.jpg 300w, https:\/\/blogdorogeriogomes.com.br\/noticias\/wp-content\/uploads\/2026\/04\/c06dee55-5c47-4af6-bf57-01d3fe4ee001-1200x900-1-768x576.jpg 768w, https:\/\/blogdorogeriogomes.com.br\/noticias\/wp-content\/uploads\/2026\/04\/c06dee55-5c47-4af6-bf57-01d3fe4ee001-1200x900-1-800x600.jpg 800w, https:\/\/blogdorogeriogomes.com.br\/noticias\/wp-content\/uploads\/2026\/04\/c06dee55-5c47-4af6-bf57-01d3fe4ee001-1200x900-1-400x300.jpg 400w, https:\/\/blogdorogeriogomes.com.br\/noticias\/wp-content\/uploads\/2026\/04\/c06dee55-5c47-4af6-bf57-01d3fe4ee001-1200x900-1.jpg 1200w\" sizes=\"auto, (max-width: 1024px) 100vw, 1024px\" \/><\/figure>\n","protected":false},"excerpt":{"rendered":"<p>O governador do Cear\u00e1, Elmano de Freitas (PT), acompanhou de perto as a\u00e7\u00f5es do Corpo de Bombeiros e Defesa Civil ap\u00f3s as ocorr\u00eancias provocadas pelas chuvas em Aquiraz e Tiangu\u00e1, nesta segunda-feira, dia 27 de abril, que resultaram em duas mortes. Em Aquiraz, uma cratera foi aberta na CE-025 e em Tiangu\u00e1 houve o desabamento de um hotel e preju\u00edzos na zona rural do munic\u00edpio. \u201cDeterminei medidas imediatas das secretarias do Governo. As nossas equipes do Corpo de Bombeiros,&hellip;<\/p>\n","protected":false},"author":1,"featured_media":40511,"comment_status":"open","ping_status":"open","sticky":false,"template":"","format":"standard","meta":{"footnotes":""},"categories":[1],"tags":[],"class_list":["post-40510","post","type-post","status-publish","format-standard","has-post-thumbnail","hentry","category-noticias"],"_links":{"self":[{"href":"https:\/\/blogdorogeriogomes.com.br\/noticias\/wp-json\/wp\/v2\/posts\/40510","targetHints":{"allow":["GET"]}}],"collection":[{"href":"https:\/\/blogdorogeriogomes.com.br\/noticias\/wp-json\/wp\/v2\/posts"}],"about":[{"href":"https:\/\/blogdorogeriogomes.com.br\/noticias\/wp-json\/wp\/v2\/types\/post"}],"author":[{"embeddable":true,"href":"https:\/\/blogdorogeriogomes.com.br\/noticias\/wp-json\/wp\/v2\/users\/1"}],"replies":[{"embeddable":true,"href":"https:\/\/blogdorogeriogomes.com.br\/noticias\/wp-json\/wp\/v2\/comments?post=40510"}],"version-history":[{"count":1,"href":"https:\/\/blogdorogeriogomes.com.br\/noticias\/wp-json\/wp\/v2\/posts\/40510\/revisions"}],"predecessor-version":[{"id":40512,"href":"https:\/\/blogdorogeriogomes.com.br\/noticias\/wp-json\/wp\/v2\/posts\/40510\/revisions\/40512"}],"wp:featuredmedia":[{"embeddable":true,"href":"https:\/\/blogdorogeriogomes.com.br\/noticias\/wp-json\/wp\/v2\/media\/40511"}],"wp:attachment":[{"href":"https:\/\/blogdorogeriogomes.com.br\/noticias\/wp-json\/wp\/v2\/media?parent=40510"}],"wp:term":[{"taxonomy":"category","embeddable":true,"href":"https:\/\/blogdorogeriogomes.com.br\/noticias\/wp-json\/wp\/v2\/categories?post=40510"},{"taxonomy":"post_tag","embeddable":true,"href":"https:\/\/blogdorogeriogomes.com.br\/noticias\/wp-json\/wp\/v2\/tags?post=40510"}],"curies":[{"name":"wp","href":"https:\/\/api.w.org\/{rel}","templated":true}]}}