{"id":40513,"date":"2026-04-28T09:59:17","date_gmt":"2026-04-28T09:59:17","guid":{"rendered":"https:\/\/blogdorogeriogomes.com.br\/noticias\/?p=40513"},"modified":"2026-04-28T09:59:17","modified_gmt":"2026-04-28T09:59:17","slug":"ministro-da-fazenda-diz-que-programa-de-renegociacao-de-dividas-tera-descontos-de-ate-90-e-permitira-uso-do-fgts","status":"publish","type":"post","link":"https:\/\/blogdorogeriogomes.com.br\/noticias\/2026\/04\/ministro-da-fazenda-diz-que-programa-de-renegociacao-de-dividas-tera-descontos-de-ate-90-e-permitira-uso-do-fgts\/","title":{"rendered":"Ministro da Fazenda diz que programa de renegocia\u00e7\u00e3o de d\u00edvidas ter\u00e1 descontos de at\u00e9 90% e permitir\u00e1 uso do FGTS"},"content":{"rendered":"\n<p>O ministro da Fazenda, Dario Durigan, afirmou nesta segunda-feira, dia 27 de abril, que o programa de renegocia\u00e7\u00e3o de d\u00edvidas em elabora\u00e7\u00e3o pelo governo vai viabilizar descontos de at\u00e9 90% sobre os d\u00e9bitos, com foco em pend\u00eancias de cart\u00e3o de cr\u00e9dito, cheque especial e empr\u00e9stimos sem garantia.<\/p>\n\n\n\n<p>Durigan afirmou que o programa, previsto para ser anunciado nos pr\u00f3ximos dias, ainda permitir\u00e1 que trabalhadores usem parte do saldo do FGTS para quitar d\u00edvidas, mas n\u00e3o especificou valores.<\/p>\n\n\n\n<p>O ministro disse que governo e institui\u00e7\u00f5es financeiras chegaram a um \u201cbom consenso\u201d sobre as linhas gerais do plano, ressaltando ter arbitrado pontos espec\u00edficos do programa para apresentar o desenho final ao presidente Luiz In\u00e1cio Lula da Silva nesta ter\u00e7a-feira, dia 28.<\/p>\n\n\n\n<p>\u201cImagina que voc\u00ea tem uma d\u00edvida de R$10 mil, que roda uma taxa de juros de 8% a 10% ao m\u00eas, (e vai trocar) por uma d\u00edvida muito menor que, por exemplo, pode ser de R$1 mil, com uma taxa de juros muito menor\u201d, afirmou.<\/p>\n\n\n\n<figure class=\"wp-block-image size-large\"><img loading=\"lazy\" decoding=\"async\" width=\"1024\" height=\"576\" src=\"https:\/\/blogdorogeriogomes.com.br\/noticias\/wp-content\/uploads\/2026\/04\/quem-e-dario-durigan-que-deve-assumir-a-fazenda-no-lugar-de-haddad.jpg-1024x576.webp\" alt=\"\" class=\"wp-image-40514\" srcset=\"https:\/\/blogdorogeriogomes.com.br\/noticias\/wp-content\/uploads\/2026\/04\/quem-e-dario-durigan-que-deve-assumir-a-fazenda-no-lugar-de-haddad.jpg-1024x576.webp 1024w, https:\/\/blogdorogeriogomes.com.br\/noticias\/wp-content\/uploads\/2026\/04\/quem-e-dario-durigan-que-deve-assumir-a-fazenda-no-lugar-de-haddad.jpg-300x169.webp 300w, https:\/\/blogdorogeriogomes.com.br\/noticias\/wp-content\/uploads\/2026\/04\/quem-e-dario-durigan-que-deve-assumir-a-fazenda-no-lugar-de-haddad.jpg-768x432.webp 768w, https:\/\/blogdorogeriogomes.com.br\/noticias\/wp-content\/uploads\/2026\/04\/quem-e-dario-durigan-que-deve-assumir-a-fazenda-no-lugar-de-haddad.jpg-800x450.webp 800w, https:\/\/blogdorogeriogomes.com.br\/noticias\/wp-content\/uploads\/2026\/04\/quem-e-dario-durigan-que-deve-assumir-a-fazenda-no-lugar-de-haddad.jpg.webp 1200w\" sizes=\"auto, (max-width: 1024px) 100vw, 1024px\" \/><\/figure>\n\n\n\n<p><\/p>\n","protected":false},"excerpt":{"rendered":"<p>O ministro da Fazenda, Dario Durigan, afirmou nesta segunda-feira, dia 27 de abril, que o programa de renegocia\u00e7\u00e3o de d\u00edvidas em elabora\u00e7\u00e3o pelo governo vai viabilizar descontos de at\u00e9 90% sobre os d\u00e9bitos, com foco em pend\u00eancias de cart\u00e3o de cr\u00e9dito, cheque especial e empr\u00e9stimos sem garantia. Durigan afirmou que o programa, previsto para ser anunciado nos pr\u00f3ximos dias, ainda permitir\u00e1 que trabalhadores usem parte do saldo do FGTS para quitar d\u00edvidas, mas n\u00e3o especificou valores. O ministro disse&hellip;<\/p>\n","protected":false},"author":1,"featured_media":40514,"comment_status":"open","ping_status":"open","sticky":false,"template":"","format":"standard","meta":{"footnotes":""},"categories":[1],"tags":[],"class_list":["post-40513","post","type-post","status-publish","format-standard","has-post-thumbnail","hentry","category-noticias"],"_links":{"self":[{"href":"https:\/\/blogdorogeriogomes.com.br\/noticias\/wp-json\/wp\/v2\/posts\/40513","targetHints":{"allow":["GET"]}}],"collection":[{"href":"https:\/\/blogdorogeriogomes.com.br\/noticias\/wp-json\/wp\/v2\/posts"}],"about":[{"href":"https:\/\/blogdorogeriogomes.com.br\/noticias\/wp-json\/wp\/v2\/types\/post"}],"author":[{"embeddable":true,"href":"https:\/\/blogdorogeriogomes.com.br\/noticias\/wp-json\/wp\/v2\/users\/1"}],"replies":[{"embeddable":true,"href":"https:\/\/blogdorogeriogomes.com.br\/noticias\/wp-json\/wp\/v2\/comments?post=40513"}],"version-history":[{"count":1,"href":"https:\/\/blogdorogeriogomes.com.br\/noticias\/wp-json\/wp\/v2\/posts\/40513\/revisions"}],"predecessor-version":[{"id":40515,"href":"https:\/\/blogdorogeriogomes.com.br\/noticias\/wp-json\/wp\/v2\/posts\/40513\/revisions\/40515"}],"wp:featuredmedia":[{"embeddable":true,"href":"https:\/\/blogdorogeriogomes.com.br\/noticias\/wp-json\/wp\/v2\/media\/40514"}],"wp:attachment":[{"href":"https:\/\/blogdorogeriogomes.com.br\/noticias\/wp-json\/wp\/v2\/media?parent=40513"}],"wp:term":[{"taxonomy":"category","embeddable":true,"href":"https:\/\/blogdorogeriogomes.com.br\/noticias\/wp-json\/wp\/v2\/categories?post=40513"},{"taxonomy":"post_tag","embeddable":true,"href":"https:\/\/blogdorogeriogomes.com.br\/noticias\/wp-json\/wp\/v2\/tags?post=40513"}],"curies":[{"name":"wp","href":"https:\/\/api.w.org\/{rel}","templated":true}]}}