{"id":40519,"date":"2026-04-28T10:30:54","date_gmt":"2026-04-28T10:30:54","guid":{"rendered":"https:\/\/blogdorogeriogomes.com.br\/noticias\/?p=40519"},"modified":"2026-04-28T10:32:16","modified_gmt":"2026-04-28T10:32:16","slug":"congresso-pode-derrubar-veto-de-lula-ao-pl-da-dosimetria-reducao-de-penas-dos-golpistas-deve-ser-votado-na-quinta-feira","status":"publish","type":"post","link":"https:\/\/blogdorogeriogomes.com.br\/noticias\/2026\/04\/congresso-pode-derrubar-veto-de-lula-ao-pl-da-dosimetria-reducao-de-penas-dos-golpistas-deve-ser-votado-na-quinta-feira\/","title":{"rendered":"Congresso pode derrubar veto de Lula ao PL da Dosimetria. Redu\u00e7\u00e3o de penas dos golpistas deve ser votada na quinta-feira"},"content":{"rendered":"\n<p>O Congresso Nacional realiza nesta quinta-feira, dia 30 de abril, a primeira sess\u00e3o conjunta de 2026 para decidir sobre a manuten\u00e7\u00e3o ou derrubada do veto do presidente Luiz In\u00e1cio Lula da Silva (PT) ao projeto de lei da dosimetria, proposta que prev\u00ea redu\u00e7\u00e3o de penas para condenados pelos atos de 8 de janeiro de 2023 e pode ter impacto direto em casos de grande repercuss\u00e3o pol\u00edtica. A an\u00e1lise ocorre em um cen\u00e1rio de tens\u00e3o entre Executivo e Legislativo.<\/p>\n\n\n\n<p>A proposta foi aprovada no fim de 2025, durante um per\u00edodo de forte desgaste entre o governo federal e o Congresso, e acabou vetada integralmente por Lula. O texto altera crit\u00e9rios de aplica\u00e7\u00e3o de penas para crimes contra o Estado Democr\u00e1tico de Direito e estabelece novas regras para condena\u00e7\u00f5es em casos envolvendo m\u00faltiplos delitos.<\/p>\n\n\n\n<p>De acordo com o projeto, em situa\u00e7\u00f5es em que o r\u00e9u seja condenado por mais de um crime contra institui\u00e7\u00f5es democr\u00e1ticas, dever\u00e1 prevalecer apenas a pena mais grave, sem a soma das penas. Al\u00e9m disso, h\u00e1 previs\u00e3o de redu\u00e7\u00e3o de at\u00e9 dois ter\u00e7os da puni\u00e7\u00e3o quando os crimes forem cometidos em contexto de multid\u00e3o, desde que o condenado n\u00e3o tenha exercido papel de lideran\u00e7a ou financiamento.<\/p>\n\n\n\n<p>A vota\u00e7\u00e3o do veto \u00e9 vista como um teste pol\u00edtico importante para o governo e para a oposi\u00e7\u00e3o \u00e0s v\u00e9speras das elei\u00e7\u00f5es gerais deste ano. Parlamentares alinhados a Jair Bolsonaro (PL) articulam uma ampla mobiliza\u00e7\u00e3o para derrubar o veto, com expectativa de superar 300 votos na C\u00e2mara, repetindo o placar expressivo registrado na aprova\u00e7\u00e3o do projeto no ano passado.<\/p>\n\n\n\n<p>Nos bastidores, governistas j\u00e1 admitem um cen\u00e1rio desfavor\u00e1vel. Ainda assim, avaliam que a poss\u00edvel derrubada do veto pode gerar rea\u00e7\u00e3o negativa na opini\u00e3o p\u00fablica, especialmente nas redes sociais, como ocorreu durante a tramita\u00e7\u00e3o da chamada PEC da Blindagem em 2025, que acabou rejeitada no Senado ap\u00f3s forte press\u00e3o popular.<\/p>\n\n\n\n<figure class=\"wp-block-image size-full\"><img loading=\"lazy\" decoding=\"async\" width=\"800\" height=\"447\" src=\"https:\/\/blogdorogeriogomes.com.br\/noticias\/wp-content\/uploads\/2026\/04\/95ae3e6bdde4860eee924cefc76dbb55.jpg\" alt=\"\" class=\"wp-image-40520\" srcset=\"https:\/\/blogdorogeriogomes.com.br\/noticias\/wp-content\/uploads\/2026\/04\/95ae3e6bdde4860eee924cefc76dbb55.jpg 800w, https:\/\/blogdorogeriogomes.com.br\/noticias\/wp-content\/uploads\/2026\/04\/95ae3e6bdde4860eee924cefc76dbb55-300x168.jpg 300w, https:\/\/blogdorogeriogomes.com.br\/noticias\/wp-content\/uploads\/2026\/04\/95ae3e6bdde4860eee924cefc76dbb55-768x429.jpg 768w\" sizes=\"auto, (max-width: 800px) 100vw, 800px\" \/><\/figure>\n","protected":false},"excerpt":{"rendered":"<p>O Congresso Nacional realiza nesta quinta-feira, dia 30 de abril, a primeira sess\u00e3o conjunta de 2026 para decidir sobre a manuten\u00e7\u00e3o ou derrubada do veto do presidente Luiz In\u00e1cio Lula da Silva (PT) ao projeto de lei da dosimetria, proposta que prev\u00ea redu\u00e7\u00e3o de penas para condenados pelos atos de 8 de janeiro de 2023 e pode ter impacto direto em casos de grande repercuss\u00e3o pol\u00edtica. A an\u00e1lise ocorre em um cen\u00e1rio de tens\u00e3o entre Executivo e Legislativo. A&hellip;<\/p>\n","protected":false},"author":1,"featured_media":40520,"comment_status":"open","ping_status":"open","sticky":false,"template":"","format":"standard","meta":{"footnotes":""},"categories":[1],"tags":[],"class_list":["post-40519","post","type-post","status-publish","format-standard","has-post-thumbnail","hentry","category-noticias"],"_links":{"self":[{"href":"https:\/\/blogdorogeriogomes.com.br\/noticias\/wp-json\/wp\/v2\/posts\/40519","targetHints":{"allow":["GET"]}}],"collection":[{"href":"https:\/\/blogdorogeriogomes.com.br\/noticias\/wp-json\/wp\/v2\/posts"}],"about":[{"href":"https:\/\/blogdorogeriogomes.com.br\/noticias\/wp-json\/wp\/v2\/types\/post"}],"author":[{"embeddable":true,"href":"https:\/\/blogdorogeriogomes.com.br\/noticias\/wp-json\/wp\/v2\/users\/1"}],"replies":[{"embeddable":true,"href":"https:\/\/blogdorogeriogomes.com.br\/noticias\/wp-json\/wp\/v2\/comments?post=40519"}],"version-history":[{"count":2,"href":"https:\/\/blogdorogeriogomes.com.br\/noticias\/wp-json\/wp\/v2\/posts\/40519\/revisions"}],"predecessor-version":[{"id":40522,"href":"https:\/\/blogdorogeriogomes.com.br\/noticias\/wp-json\/wp\/v2\/posts\/40519\/revisions\/40522"}],"wp:featuredmedia":[{"embeddable":true,"href":"https:\/\/blogdorogeriogomes.com.br\/noticias\/wp-json\/wp\/v2\/media\/40520"}],"wp:attachment":[{"href":"https:\/\/blogdorogeriogomes.com.br\/noticias\/wp-json\/wp\/v2\/media?parent=40519"}],"wp:term":[{"taxonomy":"category","embeddable":true,"href":"https:\/\/blogdorogeriogomes.com.br\/noticias\/wp-json\/wp\/v2\/categories?post=40519"},{"taxonomy":"post_tag","embeddable":true,"href":"https:\/\/blogdorogeriogomes.com.br\/noticias\/wp-json\/wp\/v2\/tags?post=40519"}],"curies":[{"name":"wp","href":"https:\/\/api.w.org\/{rel}","templated":true}]}}