{"id":40523,"date":"2026-04-29T09:09:25","date_gmt":"2026-04-29T09:09:25","guid":{"rendered":"https:\/\/blogdorogeriogomes.com.br\/noticias\/?p=40523"},"modified":"2026-04-29T09:09:26","modified_gmt":"2026-04-29T09:09:26","slug":"prefeitos-e-vereadores-cearenses-aproveitam-marcha-de-gestores-em-brasilia-para-intensificar-contatos-politicos-de-olho-na-disputa-eleitoral","status":"publish","type":"post","link":"https:\/\/blogdorogeriogomes.com.br\/noticias\/2026\/04\/prefeitos-e-vereadores-cearenses-aproveitam-marcha-de-gestores-em-brasilia-para-intensificar-contatos-politicos-de-olho-na-disputa-eleitoral\/","title":{"rendered":"Prefeitos e vereadores cearenses aproveitam Marcha de Gestores em Bras\u00edlia para intensificar contatos pol\u00edticos de olho na disputa eleitoral"},"content":{"rendered":"\n<p>Bras\u00edlia sedia at\u00e9 esta quinta-feira , dia 30 de abril, a 25\u00aa Marcha dos Gestores e Legislativos Municipais. Mais de 250 parlamentares cearenses est\u00e3o na Capital Federal e aproveitaram a oportunidade para fazer contatos pol\u00edticos com lideran\u00e7as, de olho na disputa eleitoral desse ano. <\/p>\n\n\n\n<p>O gabinete do senador Camilo Santana (PT) foi um dos principais pontos de encontro da comitiva do Cear\u00e1 com muitos encontros envolvendo prefeitos e vereadores do interior. Na noite desta ter\u00e7a-feira, dia 28, aconteceu um jantar comemorativo que contou com a participa\u00e7\u00e3o de Camilo Santana, do governador Elmano de Freitas (PT), do presidente da Assembleia Legislativa do Cear\u00e1, Romeu Aldigueri (PSB) e de v\u00e1rios deputados cearenses.<\/p>\n\n\n\n<p>&#8220;Com os nossos vereadores e vereadoras, juntos, para fortalecer a nossa parceria e melhorar, ainda mais, a vida da nossa gente. O Cear\u00e1 cresce ainda mais quando Estado, munic\u00edpios e Governo Federal trabalham juntos&#8221;, ressaltou o governador Elmano de Freitas.<\/p>\n\n\n\n<figure class=\"wp-block-image size-full\"><img loading=\"lazy\" decoding=\"async\" width=\"415\" height=\"293\" src=\"https:\/\/blogdorogeriogomes.com.br\/noticias\/wp-content\/uploads\/2026\/04\/images-242.jpeg\" alt=\"\" class=\"wp-image-40524\" srcset=\"https:\/\/blogdorogeriogomes.com.br\/noticias\/wp-content\/uploads\/2026\/04\/images-242.jpeg 415w, https:\/\/blogdorogeriogomes.com.br\/noticias\/wp-content\/uploads\/2026\/04\/images-242-300x212.jpeg 300w\" sizes=\"auto, (max-width: 415px) 100vw, 415px\" \/><\/figure>\n","protected":false},"excerpt":{"rendered":"<p>Bras\u00edlia sedia at\u00e9 esta quinta-feira , dia 30 de abril, a 25\u00aa Marcha dos Gestores e Legislativos Municipais. Mais de 250 parlamentares cearenses est\u00e3o na Capital Federal e aproveitaram a oportunidade para fazer contatos pol\u00edticos com lideran\u00e7as, de olho na disputa eleitoral desse ano. O gabinete do senador Camilo Santana (PT) foi um dos principais pontos de encontro da comitiva do Cear\u00e1 com muitos encontros envolvendo prefeitos e vereadores do interior. Na noite desta ter\u00e7a-feira, dia 28, aconteceu um&hellip;<\/p>\n","protected":false},"author":1,"featured_media":40524,"comment_status":"open","ping_status":"open","sticky":false,"template":"","format":"standard","meta":{"footnotes":""},"categories":[1],"tags":[],"class_list":["post-40523","post","type-post","status-publish","format-standard","has-post-thumbnail","hentry","category-noticias"],"_links":{"self":[{"href":"https:\/\/blogdorogeriogomes.com.br\/noticias\/wp-json\/wp\/v2\/posts\/40523","targetHints":{"allow":["GET"]}}],"collection":[{"href":"https:\/\/blogdorogeriogomes.com.br\/noticias\/wp-json\/wp\/v2\/posts"}],"about":[{"href":"https:\/\/blogdorogeriogomes.com.br\/noticias\/wp-json\/wp\/v2\/types\/post"}],"author":[{"embeddable":true,"href":"https:\/\/blogdorogeriogomes.com.br\/noticias\/wp-json\/wp\/v2\/users\/1"}],"replies":[{"embeddable":true,"href":"https:\/\/blogdorogeriogomes.com.br\/noticias\/wp-json\/wp\/v2\/comments?post=40523"}],"version-history":[{"count":1,"href":"https:\/\/blogdorogeriogomes.com.br\/noticias\/wp-json\/wp\/v2\/posts\/40523\/revisions"}],"predecessor-version":[{"id":40525,"href":"https:\/\/blogdorogeriogomes.com.br\/noticias\/wp-json\/wp\/v2\/posts\/40523\/revisions\/40525"}],"wp:featuredmedia":[{"embeddable":true,"href":"https:\/\/blogdorogeriogomes.com.br\/noticias\/wp-json\/wp\/v2\/media\/40524"}],"wp:attachment":[{"href":"https:\/\/blogdorogeriogomes.com.br\/noticias\/wp-json\/wp\/v2\/media?parent=40523"}],"wp:term":[{"taxonomy":"category","embeddable":true,"href":"https:\/\/blogdorogeriogomes.com.br\/noticias\/wp-json\/wp\/v2\/categories?post=40523"},{"taxonomy":"post_tag","embeddable":true,"href":"https:\/\/blogdorogeriogomes.com.br\/noticias\/wp-json\/wp\/v2\/tags?post=40523"}],"curies":[{"name":"wp","href":"https:\/\/api.w.org\/{rel}","templated":true}]}}