{"id":40529,"date":"2026-04-29T10:05:35","date_gmt":"2026-04-29T10:05:35","guid":{"rendered":"https:\/\/blogdorogeriogomes.com.br\/noticias\/?p=40529"},"modified":"2026-04-29T10:08:39","modified_gmt":"2026-04-29T10:08:39","slug":"lula-promulga-pacto-comercial-uniao-europeia-mercosul-e-afirma-que-brasil-entra-na-disputa-global-com-competitividade","status":"publish","type":"post","link":"https:\/\/blogdorogeriogomes.com.br\/noticias\/2026\/04\/lula-promulga-pacto-comercial-uniao-europeia-mercosul-e-afirma-que-brasil-entra-na-disputa-global-com-competitividade\/","title":{"rendered":"Lula promulga pacto comercial Uni\u00e3o Europeia\/Mercosul e afirma que Brasil entra na disputa global com competitividade"},"content":{"rendered":"\n<p>O presidente Luiz In\u00e1cio Lula da Silva assinou nesta ter\u00e7a-feira, dia 28 de abril, o decreto presidencial que permite a aplica\u00e7\u00e3o imediata, no Brasil, do Acordo de Com\u00e9rcio entre o Mercosul e a Uni\u00e3o Europeia, cuja entrada em vigor est\u00e1 prevista para pr\u00f3xima sexta-feira, dia 1\u00ba de maio. Lula afirmou que o acordo, negociado ao longo de 25 anos, representa uma vit\u00f3ria da democracia, da coopera\u00e7\u00e3o internacional e do multilateralismo em um cen\u00e1rio global marcado por disputas e guerras. <\/p>\n\n\n\n<p>A partir de 1\u00ba de maio, a Uni\u00e3o Europeia eliminar\u00e1 tarifas de importa\u00e7\u00e3o para mais de 5 mil produtos, cerca de metade do universo tarif\u00e1rio. Ao longo da implementa\u00e7\u00e3o, o acordo poder\u00e1 liberalizar mais de 90% do com\u00e9rcio bilateral, ampliando o acesso das exporta\u00e7\u00f5es brasileiras a um mercado de aproximadamente 450 milh\u00f5es de consumidores.<\/p>\n\n\n\n<p>O pacto tamb\u00e9m insere o Brasil em uma das maiores \u00e1reas econ\u00f4micas do mundo, com cerca de 718 milh\u00f5es de pessoas e PIB combinado de aproximadamente US$ 22 trilh\u00f5es.<\/p>\n\n\n\n<figure class=\"wp-block-image size-full\"><img loading=\"lazy\" decoding=\"async\" width=\"799\" height=\"533\" src=\"https:\/\/blogdorogeriogomes.com.br\/noticias\/wp-content\/uploads\/2026\/04\/55236046517-dfb1b79543-c.jpg\" alt=\"\" class=\"wp-image-40530\" srcset=\"https:\/\/blogdorogeriogomes.com.br\/noticias\/wp-content\/uploads\/2026\/04\/55236046517-dfb1b79543-c.jpg 799w, https:\/\/blogdorogeriogomes.com.br\/noticias\/wp-content\/uploads\/2026\/04\/55236046517-dfb1b79543-c-300x200.jpg 300w, https:\/\/blogdorogeriogomes.com.br\/noticias\/wp-content\/uploads\/2026\/04\/55236046517-dfb1b79543-c-768x512.jpg 768w\" sizes=\"auto, (max-width: 799px) 100vw, 799px\" \/><\/figure>\n","protected":false},"excerpt":{"rendered":"<p>O presidente Luiz In\u00e1cio Lula da Silva assinou nesta ter\u00e7a-feira, dia 28 de abril, o decreto presidencial que permite a aplica\u00e7\u00e3o imediata, no Brasil, do Acordo de Com\u00e9rcio entre o Mercosul e a Uni\u00e3o Europeia, cuja entrada em vigor est\u00e1 prevista para pr\u00f3xima sexta-feira, dia 1\u00ba de maio. Lula afirmou que o acordo, negociado ao longo de 25 anos, representa uma vit\u00f3ria da democracia, da coopera\u00e7\u00e3o internacional e do multilateralismo em um cen\u00e1rio global marcado por disputas e guerras.&hellip;<\/p>\n","protected":false},"author":1,"featured_media":40530,"comment_status":"open","ping_status":"open","sticky":false,"template":"","format":"standard","meta":{"footnotes":""},"categories":[1],"tags":[],"class_list":["post-40529","post","type-post","status-publish","format-standard","has-post-thumbnail","hentry","category-noticias"],"_links":{"self":[{"href":"https:\/\/blogdorogeriogomes.com.br\/noticias\/wp-json\/wp\/v2\/posts\/40529","targetHints":{"allow":["GET"]}}],"collection":[{"href":"https:\/\/blogdorogeriogomes.com.br\/noticias\/wp-json\/wp\/v2\/posts"}],"about":[{"href":"https:\/\/blogdorogeriogomes.com.br\/noticias\/wp-json\/wp\/v2\/types\/post"}],"author":[{"embeddable":true,"href":"https:\/\/blogdorogeriogomes.com.br\/noticias\/wp-json\/wp\/v2\/users\/1"}],"replies":[{"embeddable":true,"href":"https:\/\/blogdorogeriogomes.com.br\/noticias\/wp-json\/wp\/v2\/comments?post=40529"}],"version-history":[{"count":2,"href":"https:\/\/blogdorogeriogomes.com.br\/noticias\/wp-json\/wp\/v2\/posts\/40529\/revisions"}],"predecessor-version":[{"id":40532,"href":"https:\/\/blogdorogeriogomes.com.br\/noticias\/wp-json\/wp\/v2\/posts\/40529\/revisions\/40532"}],"wp:featuredmedia":[{"embeddable":true,"href":"https:\/\/blogdorogeriogomes.com.br\/noticias\/wp-json\/wp\/v2\/media\/40530"}],"wp:attachment":[{"href":"https:\/\/blogdorogeriogomes.com.br\/noticias\/wp-json\/wp\/v2\/media?parent=40529"}],"wp:term":[{"taxonomy":"category","embeddable":true,"href":"https:\/\/blogdorogeriogomes.com.br\/noticias\/wp-json\/wp\/v2\/categories?post=40529"},{"taxonomy":"post_tag","embeddable":true,"href":"https:\/\/blogdorogeriogomes.com.br\/noticias\/wp-json\/wp\/v2\/tags?post=40529"}],"curies":[{"name":"wp","href":"https:\/\/api.w.org\/{rel}","templated":true}]}}