{"id":40533,"date":"2026-04-29T10:19:07","date_gmt":"2026-04-29T10:19:07","guid":{"rendered":"https:\/\/blogdorogeriogomes.com.br\/noticias\/?p=40533"},"modified":"2026-04-29T10:19:07","modified_gmt":"2026-04-29T10:19:07","slug":"camara-dos-deputados-aprova-em-segundo-turno-pec-que-garante-financiamento-do-sistema-unico-de-assistencia-social-proposta-segue-para-o-senado","status":"publish","type":"post","link":"https:\/\/blogdorogeriogomes.com.br\/noticias\/2026\/04\/camara-dos-deputados-aprova-em-segundo-turno-pec-que-garante-financiamento-do-sistema-unico-de-assistencia-social-proposta-segue-para-o-senado\/","title":{"rendered":"C\u00e2mara dos Deputados aprova em segundo turno PEC que garante financiamento do Sistema \u00danico de Assist\u00eancia Social. Proposta segue para o Senado"},"content":{"rendered":"\n<p>A C\u00e2mara dos Deputados concluiu, nesta ter\u00e7a-feira, dia 28 de abril, a vota\u00e7\u00e3o em segundo turno da PEC do SUAS (PEC 383\/2017), consolidando um dos avan\u00e7os mais importantes para a assist\u00eancia social brasileira nas \u00faltimas d\u00e9cadas. A proposta foi aprovada com 444 votos favor\u00e1veis e 12 contr\u00e1rios, confirmando o amplo apoio do Parlamento \u00e0 mat\u00e9ria.<\/p>\n\n\n\n<p>A proposta estabelece que o aporte integral de 1% da Receita Corrente L\u00edquida (RCL) para a assist\u00eancia social ser\u00e1 alcan\u00e7ado a partir do quarto ano de vig\u00eancia, assegurando uma implementa\u00e7\u00e3o progressiva e respons\u00e1vel. Com a conclus\u00e3o da vota\u00e7\u00e3o na C\u00e2mara, a PEC do SUAS segue agora para an\u00e1lise do Senado Federal.<\/p>\n\n\n\n<p>O texto tamb\u00e9m deixa claro que a regra de transi\u00e7\u00e3o ser\u00e1 aplicada a todos os entes federados, Uni\u00e3o, Estados, Distrito Federal e Munic\u00edpios, que est\u00e3o obrigados, nos termos do \u00a7 2\u00ba do art. 204 da Constitui\u00e7\u00e3o Federal, a destinar o percentual m\u00ednimo para a assist\u00eancia social.<\/p>\n\n\n\n<p>O texto aprovado n\u00e3o sofreu altera\u00e7\u00f5es de m\u00e9rito, apenas ajustes de reda\u00e7\u00e3o em rela\u00e7\u00e3o ao primeiro turno, mantendo o conte\u00fado que garante mais estabilidade, previsibilidade e seguran\u00e7a no financiamento do Sistema \u00danico de Assist\u00eancia Social (SUAS).<\/p>\n\n\n\n<p>Relator da proposta, o deputado federal Andr\u00e9 Figueiredo (PDT-CE) celebrou o momento como resultado de uma constru\u00e7\u00e3o coletiva hist\u00f3rica: <em>\u201cHoje \u00e9 um daqueles dias que marcam uma gera\u00e7\u00e3o. Foram anos de luta, di\u00e1logo, escuta e constru\u00e7\u00e3o conjunta com trabalhadores do SUAS, gestores e toda a sociedade. Ver essa proposta ser aprovada em dois turnos, com amplo apoio, \u00e9 motivo de muita emo\u00e7\u00e3o e, sobretudo, de gratid\u00e3o. Estamos garantindo dignidade para milh\u00f5es de brasileiros que dependem dessa rede de prote\u00e7\u00e3o.\u201d<\/em><\/p>\n\n\n\n<figure class=\"wp-block-image size-large\"><img loading=\"lazy\" decoding=\"async\" width=\"1024\" height=\"680\" src=\"https:\/\/blogdorogeriogomes.com.br\/noticias\/wp-content\/uploads\/2026\/04\/IMG-20260428-WA0139-1024x680.jpg\" alt=\"\" class=\"wp-image-40534\" srcset=\"https:\/\/blogdorogeriogomes.com.br\/noticias\/wp-content\/uploads\/2026\/04\/IMG-20260428-WA0139-1024x680.jpg 1024w, https:\/\/blogdorogeriogomes.com.br\/noticias\/wp-content\/uploads\/2026\/04\/IMG-20260428-WA0139-300x199.jpg 300w, https:\/\/blogdorogeriogomes.com.br\/noticias\/wp-content\/uploads\/2026\/04\/IMG-20260428-WA0139-768x510.jpg 768w, https:\/\/blogdorogeriogomes.com.br\/noticias\/wp-content\/uploads\/2026\/04\/IMG-20260428-WA0139-1536x1020.jpg 1536w, https:\/\/blogdorogeriogomes.com.br\/noticias\/wp-content\/uploads\/2026\/04\/IMG-20260428-WA0139-800x532.jpg 800w, https:\/\/blogdorogeriogomes.com.br\/noticias\/wp-content\/uploads\/2026\/04\/IMG-20260428-WA0139.jpg 1600w\" sizes=\"auto, (max-width: 1024px) 100vw, 1024px\" \/><\/figure>\n\n\n\n<p><\/p>\n\n\n\n<p><\/p>\n\n\n\n<p><\/p>\n\n\n\n<p><\/p>\n\n\n\n<p><\/p>\n\n\n\n<p><\/p>\n\n\n\n<p><\/p>\n","protected":false},"excerpt":{"rendered":"<p>A C\u00e2mara dos Deputados concluiu, nesta ter\u00e7a-feira, dia 28 de abril, a vota\u00e7\u00e3o em segundo turno da PEC do SUAS (PEC 383\/2017), consolidando um dos avan\u00e7os mais importantes para a assist\u00eancia social brasileira nas \u00faltimas d\u00e9cadas. A proposta foi aprovada com 444 votos favor\u00e1veis e 12 contr\u00e1rios, confirmando o amplo apoio do Parlamento \u00e0 mat\u00e9ria. A proposta estabelece que o aporte integral de 1% da Receita Corrente L\u00edquida (RCL) para a assist\u00eancia social ser\u00e1 alcan\u00e7ado a partir do quarto&hellip;<\/p>\n","protected":false},"author":1,"featured_media":40534,"comment_status":"open","ping_status":"open","sticky":false,"template":"","format":"standard","meta":{"footnotes":""},"categories":[1],"tags":[],"class_list":["post-40533","post","type-post","status-publish","format-standard","has-post-thumbnail","hentry","category-noticias"],"_links":{"self":[{"href":"https:\/\/blogdorogeriogomes.com.br\/noticias\/wp-json\/wp\/v2\/posts\/40533","targetHints":{"allow":["GET"]}}],"collection":[{"href":"https:\/\/blogdorogeriogomes.com.br\/noticias\/wp-json\/wp\/v2\/posts"}],"about":[{"href":"https:\/\/blogdorogeriogomes.com.br\/noticias\/wp-json\/wp\/v2\/types\/post"}],"author":[{"embeddable":true,"href":"https:\/\/blogdorogeriogomes.com.br\/noticias\/wp-json\/wp\/v2\/users\/1"}],"replies":[{"embeddable":true,"href":"https:\/\/blogdorogeriogomes.com.br\/noticias\/wp-json\/wp\/v2\/comments?post=40533"}],"version-history":[{"count":1,"href":"https:\/\/blogdorogeriogomes.com.br\/noticias\/wp-json\/wp\/v2\/posts\/40533\/revisions"}],"predecessor-version":[{"id":40535,"href":"https:\/\/blogdorogeriogomes.com.br\/noticias\/wp-json\/wp\/v2\/posts\/40533\/revisions\/40535"}],"wp:featuredmedia":[{"embeddable":true,"href":"https:\/\/blogdorogeriogomes.com.br\/noticias\/wp-json\/wp\/v2\/media\/40534"}],"wp:attachment":[{"href":"https:\/\/blogdorogeriogomes.com.br\/noticias\/wp-json\/wp\/v2\/media?parent=40533"}],"wp:term":[{"taxonomy":"category","embeddable":true,"href":"https:\/\/blogdorogeriogomes.com.br\/noticias\/wp-json\/wp\/v2\/categories?post=40533"},{"taxonomy":"post_tag","embeddable":true,"href":"https:\/\/blogdorogeriogomes.com.br\/noticias\/wp-json\/wp\/v2\/tags?post=40533"}],"curies":[{"name":"wp","href":"https:\/\/api.w.org\/{rel}","templated":true}]}}