{"id":40536,"date":"2026-04-29T22:52:05","date_gmt":"2026-04-29T22:52:05","guid":{"rendered":"https:\/\/blogdorogeriogomes.com.br\/noticias\/?p=40536"},"modified":"2026-04-29T22:53:21","modified_gmt":"2026-04-29T22:53:21","slug":"senado-rejeita-indicacao-de-jorge-messias-para-ministro-do-stf-derrota-e-creditada-a-articulacao-do-presidente-da-casa-davi-alcolumbre","status":"publish","type":"post","link":"https:\/\/blogdorogeriogomes.com.br\/noticias\/2026\/04\/senado-rejeita-indicacao-de-jorge-messias-para-ministro-do-stf-derrota-e-creditada-a-articulacao-do-presidente-da-casa-davi-alcolumbre\/","title":{"rendered":"Senado rejeita indica\u00e7\u00e3o de Jorge Messias para ministro do STF. Derrota \u00e9 creditada a articula\u00e7\u00e3o do presidente da Casa, Davi Alcolumbre"},"content":{"rendered":"\n<p>O Plen\u00e1rio do Senado Federal rejeitou nesta quarta-feira, dia 29 de abril, a indica\u00e7\u00e3o do advogado-geral da Uni\u00e3o, Jorge Messias, para ocupar o cargo de ministro do Supremo Tribunal Federal (STF). Essa \u00e9 a primeira vez desde 1894 que os senadores rejeitam uma indica\u00e7\u00e3o do presidente da Rep\u00fablica ao Supremo.<\/p>\n\n\n\n<p>Jorge Messias foi rejeitado por 42 votos a 34 e uma absten\u00e7\u00e3o. A vota\u00e7\u00e3o foi secreta. O indicado pelo presidente Lula precisava do apoio de ao menos 41 dos 81 senadores, a maioria absoluta.<\/p>\n\n\n\n<p>Com a rejei\u00e7\u00e3o, a mensagem com a indica\u00e7\u00e3o de Messias foi arquivada e o presidente Lula ter\u00e1 que enviar um novo nome para ocupar a vaga deixada por Luis Roberto Barroso no Supremo. <\/p>\n\n\n\n<p>A nova indica\u00e7\u00e3o precisar\u00e1 ser validada pelo Senado. Jorge Messias \u00e9 a terceira indica\u00e7\u00e3o do governo Lula para o STF neste mandato. Antes dele, Cristiano Zanin e Fl\u00e1vio Dino chegaram \u00e0 Corte.<\/p>\n\n\n\n<p>Nos bastidores do Senado, Davi Alcolumbre articulou fortemente para a derrota de Jorge Messias na indica\u00e7\u00e3o para a vaga no STF. Alcolumbre chegou a negar no plen\u00e1rio que estivesse atuando contra o indicado por Lula. Alcolumbre defendia que o pr\u00f3ximo ministro do STF fosse o ex-presidente do Senado, Rodrigo Pacheco.<\/p>\n\n\n\n<p>De certa forma, a derrota de Lula no Senado estremece em definitivo a rela\u00e7\u00e3o do presidente da Casa com o Pal\u00e1cio do Planalto. Os desdobramentos ainda s\u00e3o incertos, mas se fala at\u00e9 na demiss\u00e3o de todos os indicados por Davi Alcolumbre no Governo Federal. <\/p>\n\n\n\n<figure class=\"wp-block-image size-large\"><img loading=\"lazy\" decoding=\"async\" width=\"1024\" height=\"576\" src=\"https:\/\/blogdorogeriogomes.com.br\/noticias\/wp-content\/uploads\/2026\/04\/20251125061148_9d4fad27da390b52792d32b8e9d0d72308da55a6586bf0eb57cacdb1b3e82d01-1024x576.jpeg\" alt=\"\" class=\"wp-image-40537\" srcset=\"https:\/\/blogdorogeriogomes.com.br\/noticias\/wp-content\/uploads\/2026\/04\/20251125061148_9d4fad27da390b52792d32b8e9d0d72308da55a6586bf0eb57cacdb1b3e82d01-1024x576.jpeg 1024w, https:\/\/blogdorogeriogomes.com.br\/noticias\/wp-content\/uploads\/2026\/04\/20251125061148_9d4fad27da390b52792d32b8e9d0d72308da55a6586bf0eb57cacdb1b3e82d01-300x169.jpeg 300w, https:\/\/blogdorogeriogomes.com.br\/noticias\/wp-content\/uploads\/2026\/04\/20251125061148_9d4fad27da390b52792d32b8e9d0d72308da55a6586bf0eb57cacdb1b3e82d01-768x432.jpeg 768w, https:\/\/blogdorogeriogomes.com.br\/noticias\/wp-content\/uploads\/2026\/04\/20251125061148_9d4fad27da390b52792d32b8e9d0d72308da55a6586bf0eb57cacdb1b3e82d01-1536x864.jpeg 1536w, https:\/\/blogdorogeriogomes.com.br\/noticias\/wp-content\/uploads\/2026\/04\/20251125061148_9d4fad27da390b52792d32b8e9d0d72308da55a6586bf0eb57cacdb1b3e82d01-2048x1152.jpeg 2048w, https:\/\/blogdorogeriogomes.com.br\/noticias\/wp-content\/uploads\/2026\/04\/20251125061148_9d4fad27da390b52792d32b8e9d0d72308da55a6586bf0eb57cacdb1b3e82d01-800x450.jpeg 800w\" sizes=\"auto, (max-width: 1024px) 100vw, 1024px\" \/><\/figure>\n","protected":false},"excerpt":{"rendered":"<p>O Plen\u00e1rio do Senado Federal rejeitou nesta quarta-feira, dia 29 de abril, a indica\u00e7\u00e3o do advogado-geral da Uni\u00e3o, Jorge Messias, para ocupar o cargo de ministro do Supremo Tribunal Federal (STF). Essa \u00e9 a primeira vez desde 1894 que os senadores rejeitam uma indica\u00e7\u00e3o do presidente da Rep\u00fablica ao Supremo. Jorge Messias foi rejeitado por 42 votos a 34 e uma absten\u00e7\u00e3o. A vota\u00e7\u00e3o foi secreta. O indicado pelo presidente Lula precisava do apoio de ao menos 41 dos&hellip;<\/p>\n","protected":false},"author":1,"featured_media":40537,"comment_status":"open","ping_status":"open","sticky":false,"template":"","format":"standard","meta":{"footnotes":""},"categories":[1],"tags":[],"class_list":["post-40536","post","type-post","status-publish","format-standard","has-post-thumbnail","hentry","category-noticias"],"_links":{"self":[{"href":"https:\/\/blogdorogeriogomes.com.br\/noticias\/wp-json\/wp\/v2\/posts\/40536","targetHints":{"allow":["GET"]}}],"collection":[{"href":"https:\/\/blogdorogeriogomes.com.br\/noticias\/wp-json\/wp\/v2\/posts"}],"about":[{"href":"https:\/\/blogdorogeriogomes.com.br\/noticias\/wp-json\/wp\/v2\/types\/post"}],"author":[{"embeddable":true,"href":"https:\/\/blogdorogeriogomes.com.br\/noticias\/wp-json\/wp\/v2\/users\/1"}],"replies":[{"embeddable":true,"href":"https:\/\/blogdorogeriogomes.com.br\/noticias\/wp-json\/wp\/v2\/comments?post=40536"}],"version-history":[{"count":2,"href":"https:\/\/blogdorogeriogomes.com.br\/noticias\/wp-json\/wp\/v2\/posts\/40536\/revisions"}],"predecessor-version":[{"id":40539,"href":"https:\/\/blogdorogeriogomes.com.br\/noticias\/wp-json\/wp\/v2\/posts\/40536\/revisions\/40539"}],"wp:featuredmedia":[{"embeddable":true,"href":"https:\/\/blogdorogeriogomes.com.br\/noticias\/wp-json\/wp\/v2\/media\/40537"}],"wp:attachment":[{"href":"https:\/\/blogdorogeriogomes.com.br\/noticias\/wp-json\/wp\/v2\/media?parent=40536"}],"wp:term":[{"taxonomy":"category","embeddable":true,"href":"https:\/\/blogdorogeriogomes.com.br\/noticias\/wp-json\/wp\/v2\/categories?post=40536"},{"taxonomy":"post_tag","embeddable":true,"href":"https:\/\/blogdorogeriogomes.com.br\/noticias\/wp-json\/wp\/v2\/tags?post=40536"}],"curies":[{"name":"wp","href":"https:\/\/api.w.org\/{rel}","templated":true}]}}