{"id":40540,"date":"2026-04-30T11:20:58","date_gmt":"2026-04-30T11:20:58","guid":{"rendered":"https:\/\/blogdorogeriogomes.com.br\/noticias\/?p=40540"},"modified":"2026-04-30T11:20:58","modified_gmt":"2026-04-30T11:20:58","slug":"governo-lula-prepara-reacao-apos-rejeicao-de-jorge-messias-congresso-ainda-pode-aprovar-reducao-de-penas-para-golpistas-nesta-quinta-feira","status":"publish","type":"post","link":"https:\/\/blogdorogeriogomes.com.br\/noticias\/2026\/04\/governo-lula-prepara-reacao-apos-rejeicao-de-jorge-messias-congresso-ainda-pode-aprovar-reducao-de-penas-para-golpistas-nesta-quinta-feira\/","title":{"rendered":"Governo Lula prepara rea\u00e7\u00e3o ap\u00f3s rejei\u00e7\u00e3o de Jorge Messias. Congresso ainda pode aprovar redu\u00e7\u00e3o de penas para golpistas nesta quinta-feira"},"content":{"rendered":"\n<p>Apos ter o nome do ministro da Advocacia-Geral da Uni\u00e3o, Jorge Messias, rejeitado para ministro do STF, o presidente Lula convocou uma reuni\u00e3o na noite desta quarta-feira, dia 29 de abril, no Pal\u00e1cio da Alvorada, em Bras\u00edlia, com a participou do ministro das Rela\u00e7\u00f5es Institucionais, Jos\u00e9 Guimar\u00e3es, e o l\u00edder do governo no Senado, Jaques Wagner (PT-BA). A ordem \u00e9 reorganizar a base de apoio no Congresso Nacional no embate com o presidente do Senado, Davi Alcolumbre, que atuou diretamente na rejei\u00e7\u00e3o de Jorge Messias.<\/p>\n\n\n\n<p>Nas conversas de bastidores no Senado, a negocia\u00e7\u00e3o para a derrota de Messias incluiu o compromisso de setores da direita e do Centr\u00e3o de apoiar Davi Alcolumbre para um novo mandato \u00e0 frente da Casa no bi\u00eanio 2027\/2028. A disputa pelo comando do Senado \u00e9 considerada decisiva por diferentes grupos pol\u00edticos, principalmente pelo papel da Casa na an\u00e1lise de pedidos de impeachment de ministros do Supremo Tribunal Federal.\u00a0<\/p>\n\n\n\n<p>O Governo Lula avalia medidas pol\u00edticas como rea\u00e7\u00e3o. Entre as possibilidades est\u00e1 a exonera\u00e7\u00e3o de indicados ligados ao presidente do Senado, Davi Alcolumbre, que ocupam cargos na administra\u00e7\u00e3o federal. Entre aliados, a avalia\u00e7\u00e3o de que uma nova indica\u00e7\u00e3o ao STF poder\u00e1 ser adiada para depois das elei\u00e7\u00f5es, enquanto o governo busca recompor sua base e evitar novos desgastes pol\u00edticos. Alcolumbre tamb\u00e9m deixou claro que s\u00f3 deve aceitar uma nova indica\u00e7\u00e3o ap\u00f3s as elei\u00e7\u00f5es de outubro.<\/p>\n\n\n\n<p>Nesta quinta-feira, dia 30, o Governo Federal pode sofrer uma nova derrota no Congresso Nacional. Em vota\u00e7\u00e3o conjunta do Senado e C\u00e2mara, ser\u00e1 analisado o veto do presidente Lula ao projeto que reduz penas de condenados pelos atos de 8 de janeiro de 2023. A base governista aponta uma articula\u00e7\u00e3o pol\u00edtica para derrubar a decis\u00e3o presidencial e beneficiar investigados. O movimento integra um acordo mais amplo com impactos sobre o sistema de justi\u00e7a e a responsabiliza\u00e7\u00e3o de envolvidos nos ataques \u00e0s sedes dos Tr\u00eas Poderes.<\/p>\n\n\n\n<p>&#8220;A primeira etapa da alian\u00e7a entre o bolsonarismo e o Centr\u00e3o foi conclu\u00edda com a rejei\u00e7\u00e3o de Jorge Messias no Senado. Hoje, essa mesma articula\u00e7\u00e3o avan\u00e7a para a segunda etapa do acord\u00e3o: blindar o andar de cima no esc\u00e2ndalo de Vorcaro, proteger seus tent\u00e1culos na c\u00fapula pol\u00edtica e reduzir penas para fabricar impunidade\u201d, disse o deputado federal Lindenberg Farias, do PT do Rio de Janeiro.<\/p>\n\n\n\n<figure class=\"wp-block-image size-full\"><img loading=\"lazy\" decoding=\"async\" width=\"984\" height=\"703\" src=\"https:\/\/blogdorogeriogomes.com.br\/noticias\/wp-content\/uploads\/2026\/04\/presidente-da-republica-luiz-inacio-lula-da-silva-durante-telefonema-com-o-presidente-da-autoridade-palestina-mahmoud-abbas-no-palacio-da-alvorada.-brasilia-ricardo-stuckert-pr.jpg\" alt=\"\" class=\"wp-image-40541\" srcset=\"https:\/\/blogdorogeriogomes.com.br\/noticias\/wp-content\/uploads\/2026\/04\/presidente-da-republica-luiz-inacio-lula-da-silva-durante-telefonema-com-o-presidente-da-autoridade-palestina-mahmoud-abbas-no-palacio-da-alvorada.-brasilia-ricardo-stuckert-pr.jpg 984w, https:\/\/blogdorogeriogomes.com.br\/noticias\/wp-content\/uploads\/2026\/04\/presidente-da-republica-luiz-inacio-lula-da-silva-durante-telefonema-com-o-presidente-da-autoridade-palestina-mahmoud-abbas-no-palacio-da-alvorada.-brasilia-ricardo-stuckert-pr-300x214.jpg 300w, https:\/\/blogdorogeriogomes.com.br\/noticias\/wp-content\/uploads\/2026\/04\/presidente-da-republica-luiz-inacio-lula-da-silva-durante-telefonema-com-o-presidente-da-autoridade-palestina-mahmoud-abbas-no-palacio-da-alvorada.-brasilia-ricardo-stuckert-pr-768x549.jpg 768w, https:\/\/blogdorogeriogomes.com.br\/noticias\/wp-content\/uploads\/2026\/04\/presidente-da-republica-luiz-inacio-lula-da-silva-durante-telefonema-com-o-presidente-da-autoridade-palestina-mahmoud-abbas-no-palacio-da-alvorada.-brasilia-ricardo-stuckert-pr-800x572.jpg 800w\" sizes=\"auto, (max-width: 984px) 100vw, 984px\" \/><\/figure>\n","protected":false},"excerpt":{"rendered":"<p>Apos ter o nome do ministro da Advocacia-Geral da Uni\u00e3o, Jorge Messias, rejeitado para ministro do STF, o presidente Lula convocou uma reuni\u00e3o na noite desta quarta-feira, dia 29 de abril, no Pal\u00e1cio da Alvorada, em Bras\u00edlia, com a participou do ministro das Rela\u00e7\u00f5es Institucionais, Jos\u00e9 Guimar\u00e3es, e o l\u00edder do governo no Senado, Jaques Wagner (PT-BA). A ordem \u00e9 reorganizar a base de apoio no Congresso Nacional no embate com o presidente do Senado, Davi Alcolumbre, que atuou&hellip;<\/p>\n","protected":false},"author":1,"featured_media":40541,"comment_status":"open","ping_status":"open","sticky":false,"template":"","format":"standard","meta":{"footnotes":""},"categories":[1],"tags":[],"class_list":["post-40540","post","type-post","status-publish","format-standard","has-post-thumbnail","hentry","category-noticias"],"_links":{"self":[{"href":"https:\/\/blogdorogeriogomes.com.br\/noticias\/wp-json\/wp\/v2\/posts\/40540","targetHints":{"allow":["GET"]}}],"collection":[{"href":"https:\/\/blogdorogeriogomes.com.br\/noticias\/wp-json\/wp\/v2\/posts"}],"about":[{"href":"https:\/\/blogdorogeriogomes.com.br\/noticias\/wp-json\/wp\/v2\/types\/post"}],"author":[{"embeddable":true,"href":"https:\/\/blogdorogeriogomes.com.br\/noticias\/wp-json\/wp\/v2\/users\/1"}],"replies":[{"embeddable":true,"href":"https:\/\/blogdorogeriogomes.com.br\/noticias\/wp-json\/wp\/v2\/comments?post=40540"}],"version-history":[{"count":1,"href":"https:\/\/blogdorogeriogomes.com.br\/noticias\/wp-json\/wp\/v2\/posts\/40540\/revisions"}],"predecessor-version":[{"id":40542,"href":"https:\/\/blogdorogeriogomes.com.br\/noticias\/wp-json\/wp\/v2\/posts\/40540\/revisions\/40542"}],"wp:featuredmedia":[{"embeddable":true,"href":"https:\/\/blogdorogeriogomes.com.br\/noticias\/wp-json\/wp\/v2\/media\/40541"}],"wp:attachment":[{"href":"https:\/\/blogdorogeriogomes.com.br\/noticias\/wp-json\/wp\/v2\/media?parent=40540"}],"wp:term":[{"taxonomy":"category","embeddable":true,"href":"https:\/\/blogdorogeriogomes.com.br\/noticias\/wp-json\/wp\/v2\/categories?post=40540"},{"taxonomy":"post_tag","embeddable":true,"href":"https:\/\/blogdorogeriogomes.com.br\/noticias\/wp-json\/wp\/v2\/tags?post=40540"}],"curies":[{"name":"wp","href":"https:\/\/api.w.org\/{rel}","templated":true}]}}