{"id":40554,"date":"2026-05-01T11:24:07","date_gmt":"2026-05-01T11:24:07","guid":{"rendered":"https:\/\/blogdorogeriogomes.com.br\/noticias\/?p=40554"},"modified":"2026-05-01T11:24:08","modified_gmt":"2026-05-01T11:24:08","slug":"em-pronunciamento-do-dia-do-trabalhador-lula-anuncia-novo-desenrola-e-defende-fim-da-escala-6x1-quem-aderir-ao-plano-ficara-bloqueado-por-um-ano-em-todas-as-plataformas-de-apostas","status":"publish","type":"post","link":"https:\/\/blogdorogeriogomes.com.br\/noticias\/2026\/05\/em-pronunciamento-do-dia-do-trabalhador-lula-anuncia-novo-desenrola-e-defende-fim-da-escala-6x1-quem-aderir-ao-plano-ficara-bloqueado-por-um-ano-em-todas-as-plataformas-de-apostas\/","title":{"rendered":"Em pronunciamento do Dia do Trabalhador, Lula anuncia novo Desenrola e defende fim da escala 6&#215;1. Quem aderir ao plano ficar\u00e1 bloqueado por um ano em todas as plataformas de apostas"},"content":{"rendered":"\n<p>Em pronunciamento no r\u00e1dio e na TV do Dia do Trabalhador, celebrado neste dia 1\u00b0 de Maio, o presidente Luiz In\u00e1cio Lula da Silva destacou a import\u00e2ncia do programa Desenrola, que ser\u00e1 lan\u00e7ado na pr\u00f3xima segunda-feira, dia 4 de maio. Ele tamb\u00e9m defendeu a proposta que prev\u00ea o fim da escala 6&#215;1 no Brasil.<\/p>\n\n\n\n<p>Lula destacou que a medida busca melhorar a qualidade de vida dos trabalhadores, ampliando o tempo de descanso e conviv\u00eancia familiar, al\u00e9m de alinhar o Brasil a modelos de jornada considerados mais equilibrados em outros pa\u00edses. &#8220;A elite brasileira sempre foi contra melhorias para o trabalhador: o sal\u00e1rio m\u00ednimo, as f\u00e9rias remuneradas, o 13\u00ba sal\u00e1rio. A turma do andar de cima disse que cada uma dessas conquistas ia quebrar o Brasil. E o Brasil nunca quebrou por dar direito aos trabalhadores&#8221;, disse o presidente.<\/p>\n\n\n\n<p>O presidente antecipou ainda o lan\u00e7amento do Novo Desenrola Brasil, programa de renegocia\u00e7\u00e3o de d\u00edvidas voltado \u00e0 popula\u00e7\u00e3o endividada. A iniciativa deve oferecer descontos significativos de at\u00e9 90% e permitir o uso de parte do FGTS para quitar d\u00e9bitos.<\/p>\n\n\n\n<p>O programa \u00e9 uma reformula\u00e7\u00e3o da pol\u00edtica anterior de renegocia\u00e7\u00e3o e tem como objetivo aliviar o or\u00e7amento das fam\u00edlias, especialmente aquelas com d\u00edvidas de alto custo, como cart\u00e3o de cr\u00e9dito e cheque especial. O governo tamb\u00e9m projeta impacto relevante na economia, inclusive com a libera\u00e7\u00e3o de recursos do FGTS para pagamento de d\u00edvidas.<\/p>\n\n\n\n<p>Lula destacou que quem aderir ao programa ficar\u00e1 bloqueado por um ano em todas as plataformas de apostas on-line, conhecidas como bets.<\/p>\n\n\n\n<figure class=\"wp-block-image size-full\"><img loading=\"lazy\" decoding=\"async\" width=\"615\" height=\"300\" src=\"https:\/\/blogdorogeriogomes.com.br\/noticias\/wp-content\/uploads\/2026\/05\/30abr2026-presidente-lula-durante-pronunciamento-a-nacao-por-ocasiao-do-dia-do-trabalhador-no-palacio-da-alvorada-1777595800789_v2_615x300.jpg\" alt=\"\" class=\"wp-image-40555\" srcset=\"https:\/\/blogdorogeriogomes.com.br\/noticias\/wp-content\/uploads\/2026\/05\/30abr2026-presidente-lula-durante-pronunciamento-a-nacao-por-ocasiao-do-dia-do-trabalhador-no-palacio-da-alvorada-1777595800789_v2_615x300.jpg 615w, https:\/\/blogdorogeriogomes.com.br\/noticias\/wp-content\/uploads\/2026\/05\/30abr2026-presidente-lula-durante-pronunciamento-a-nacao-por-ocasiao-do-dia-do-trabalhador-no-palacio-da-alvorada-1777595800789_v2_615x300-300x146.jpg 300w\" sizes=\"auto, (max-width: 615px) 100vw, 615px\" \/><\/figure>\n","protected":false},"excerpt":{"rendered":"<p>Em pronunciamento no r\u00e1dio e na TV do Dia do Trabalhador, celebrado neste dia 1\u00b0 de Maio, o presidente Luiz In\u00e1cio Lula da Silva destacou a import\u00e2ncia do programa Desenrola, que ser\u00e1 lan\u00e7ado na pr\u00f3xima segunda-feira, dia 4 de maio. Ele tamb\u00e9m defendeu a proposta que prev\u00ea o fim da escala 6&#215;1 no Brasil. Lula destacou que a medida busca melhorar a qualidade de vida dos trabalhadores, ampliando o tempo de descanso e conviv\u00eancia familiar, al\u00e9m de alinhar o&hellip;<\/p>\n","protected":false},"author":1,"featured_media":40555,"comment_status":"open","ping_status":"open","sticky":false,"template":"","format":"standard","meta":{"footnotes":""},"categories":[1],"tags":[],"class_list":["post-40554","post","type-post","status-publish","format-standard","has-post-thumbnail","hentry","category-noticias"],"_links":{"self":[{"href":"https:\/\/blogdorogeriogomes.com.br\/noticias\/wp-json\/wp\/v2\/posts\/40554","targetHints":{"allow":["GET"]}}],"collection":[{"href":"https:\/\/blogdorogeriogomes.com.br\/noticias\/wp-json\/wp\/v2\/posts"}],"about":[{"href":"https:\/\/blogdorogeriogomes.com.br\/noticias\/wp-json\/wp\/v2\/types\/post"}],"author":[{"embeddable":true,"href":"https:\/\/blogdorogeriogomes.com.br\/noticias\/wp-json\/wp\/v2\/users\/1"}],"replies":[{"embeddable":true,"href":"https:\/\/blogdorogeriogomes.com.br\/noticias\/wp-json\/wp\/v2\/comments?post=40554"}],"version-history":[{"count":1,"href":"https:\/\/blogdorogeriogomes.com.br\/noticias\/wp-json\/wp\/v2\/posts\/40554\/revisions"}],"predecessor-version":[{"id":40556,"href":"https:\/\/blogdorogeriogomes.com.br\/noticias\/wp-json\/wp\/v2\/posts\/40554\/revisions\/40556"}],"wp:featuredmedia":[{"embeddable":true,"href":"https:\/\/blogdorogeriogomes.com.br\/noticias\/wp-json\/wp\/v2\/media\/40555"}],"wp:attachment":[{"href":"https:\/\/blogdorogeriogomes.com.br\/noticias\/wp-json\/wp\/v2\/media?parent=40554"}],"wp:term":[{"taxonomy":"category","embeddable":true,"href":"https:\/\/blogdorogeriogomes.com.br\/noticias\/wp-json\/wp\/v2\/categories?post=40554"},{"taxonomy":"post_tag","embeddable":true,"href":"https:\/\/blogdorogeriogomes.com.br\/noticias\/wp-json\/wp\/v2\/tags?post=40554"}],"curies":[{"name":"wp","href":"https:\/\/api.w.org\/{rel}","templated":true}]}}