{"id":41537,"date":"2026-07-29T12:04:54","date_gmt":"2026-07-29T12:04:54","guid":{"rendered":"https:\/\/blogdorogeriogomes.com.br\/noticias\/?p=41537"},"modified":"2026-07-29T12:21:18","modified_gmt":"2026-07-29T12:21:18","slug":"sob-o-compasso-da-justica-eleitoral-elmano-de-freitas-aguarda-tre-para-fechar-chapa-enquanto-oposicao-corre-risco-de-ter-composicao-de-chapa-prejudicada","status":"publish","type":"post","link":"https:\/\/blogdorogeriogomes.com.br\/noticias\/2026\/07\/sob-o-compasso-da-justica-eleitoral-elmano-de-freitas-aguarda-tre-para-fechar-chapa-enquanto-oposicao-corre-risco-de-ter-composicao-de-chapa-prejudicada\/","title":{"rendered":"Sob o compasso da Justi\u00e7a Eleitoral, Elmano de Freitas aguarda TRE para fechar chapa enquanto oposi\u00e7\u00e3o corre risco de ter composi\u00e7\u00e3o de chapa prejudicada"},"content":{"rendered":"\n<p class=\"wp-block-paragraph\">O governador do Cear\u00e1, Elmano de Freitas (PT), decidiu adotar uma postura de cautela estrat\u00e9gica diante do racha jur\u00eddico que envolve a Federa\u00e7\u00e3o Uni\u00e3o Progressistas. O chefe do Executivo estadual confirmou que anunciar\u00e1 nesta sexta-feira, dia 31 de agosto, o nome do candidato a vice-governador em sua chapa de reelei\u00e7\u00e3o. Contudo, a defini\u00e7\u00e3o da segunda vaga destinada ao Senado Federal ficou oficialmente congelada, dependendo de uma manifesta\u00e7\u00e3o do Tribunal Regional Eleitoral do Cear\u00e1 (TRE-CE).<\/p>\n\n\n\n<p class=\"wp-block-paragraph\">O impasse ocorre ap\u00f3s as dire\u00e7\u00f5es estaduais isoladas do Uni\u00e3o Brasil e do Progressistas (PP) entrarem com uma a\u00e7\u00e3o judicial para anular a ata da conven\u00e7\u00e3o da federa\u00e7\u00e3o, realizada no \u00faltimo domingo. Na ocasi\u00e3o, a estrutura federativa, controlada pelo bloco de oposi\u00e7\u00e3o, formalizou apoio \u00e0 candidatura de Ciro Gomes (PSDB) ao Governo do Estado. No entanto, os comandos individuais das duas siglas haviam deliberado, em suas pr\u00f3prias conven\u00e7\u00f5es, caminhar junto \u00e0 base governista de Elmano.<\/p>\n\n\n\n<p class=\"wp-block-paragraph\">Aguardando o desfecho nos tribunais, o deputado federal Moses Rodrigues (Uni\u00e3o Brasil) desponta nos bastidores e n\u00e3o esconde o desejo de ocupar o espa\u00e7o na chapa majorit\u00e1ria do governo. Presidente do Uni\u00e3o Brasil no Cear\u00e1, Moses tem sido um dos principais articuladores do questionamento jur\u00eddico contra a federa\u00e7\u00e3o.<\/p>\n\n\n\n<p class=\"wp-block-paragraph\">Se a Justi\u00e7a Eleitoral validar a tese dos partidos governistas de que as conven\u00e7\u00f5es individuais devem prevalecer sobre a decis\u00e3o da federa\u00e7\u00e3o, o arco de alian\u00e7as de Elmano de Freitas ganhar\u00e1 um robusto acr\u00e9scimo de tempo de televis\u00e3o e recursos do fundo partid\u00e1rio. \u00c9 nesse cen\u00e1rio que o nome de Moses ganha for\u00e7a para a disputa majorit\u00e1ria.<\/p>\n\n\n\n<p class=\"wp-block-paragraph\">Do outro lado do espectro pol\u00edtico, o clima \u00e9 de alerta m\u00e1ximo. Caso o plen\u00e1rio do TRE-CE julgue a conven\u00e7\u00e3o da Federa\u00e7\u00e3o Uni\u00e3o Progressistas nula, a chapa de oposi\u00e7\u00e3o encabe\u00e7ada por Ciro Gomes sofrer\u00e1 um desmonte estrutural imediato \u00e0s v\u00e9speras do registro definitivo. Sob o risco de anula\u00e7\u00e3o, o ex-prefeito Roberto Cl\u00e1udio (Uni\u00e3o) ficaria juridicamente impedido de concorrer ao cargo de vice-governador. Da mesma forma, o l\u00edder oposicionista Capit\u00e3o Wagner (Uni\u00e3o Brasil) veria sua candidatura ao Senado Federal invalidada por falta de respaldo partid\u00e1rio legal.<\/p>\n\n\n\n<p class=\"wp-block-paragraph\">O desembargador eleitoral Wilker Mac\u00eado Lima, relator da a\u00e7\u00e3o anulat\u00f3ria movida pelos diret\u00f3rios estaduais das siglas, marcou o julgamento para a sess\u00e3o do Tribunal Regional Eleitoral do Cear\u00e1 desta quinta-feira, dia 30.<\/p>\n\n\n\n<figure class=\"wp-block-image size-large\"><img loading=\"lazy\" decoding=\"async\" width=\"1024\" height=\"683\" src=\"https:\/\/blogdorogeriogomes.com.br\/noticias\/wp-content\/uploads\/2026\/07\/fachada_tribunal_regional_eleitoral_tre_2-19676166-1024x683.jpg\" alt=\"\" class=\"wp-image-41538\" srcset=\"https:\/\/blogdorogeriogomes.com.br\/noticias\/wp-content\/uploads\/2026\/07\/fachada_tribunal_regional_eleitoral_tre_2-19676166-1024x683.jpg 1024w, https:\/\/blogdorogeriogomes.com.br\/noticias\/wp-content\/uploads\/2026\/07\/fachada_tribunal_regional_eleitoral_tre_2-19676166-300x200.jpg 300w, https:\/\/blogdorogeriogomes.com.br\/noticias\/wp-content\/uploads\/2026\/07\/fachada_tribunal_regional_eleitoral_tre_2-19676166-768x512.jpg 768w, https:\/\/blogdorogeriogomes.com.br\/noticias\/wp-content\/uploads\/2026\/07\/fachada_tribunal_regional_eleitoral_tre_2-19676166-1536x1024.jpg 1536w, https:\/\/blogdorogeriogomes.com.br\/noticias\/wp-content\/uploads\/2026\/07\/fachada_tribunal_regional_eleitoral_tre_2-19676166-800x533.jpg 800w, https:\/\/blogdorogeriogomes.com.br\/noticias\/wp-content\/uploads\/2026\/07\/fachada_tribunal_regional_eleitoral_tre_2-19676166.jpg 1920w\" sizes=\"auto, (max-width: 1024px) 100vw, 1024px\" \/><\/figure>\n\n\n\n<p class=\"wp-block-paragraph\"><\/p>\n","protected":false},"excerpt":{"rendered":"<p>O governador do Cear\u00e1, Elmano de Freitas (PT), decidiu adotar uma postura de cautela estrat\u00e9gica diante do racha jur\u00eddico que envolve a Federa\u00e7\u00e3o Uni\u00e3o Progressistas. O chefe do Executivo estadual confirmou que anunciar\u00e1 nesta sexta-feira, dia 31 de agosto, o nome do candidato a vice-governador em sua chapa de reelei\u00e7\u00e3o. Contudo, a defini\u00e7\u00e3o da segunda vaga destinada ao Senado Federal ficou oficialmente congelada, dependendo de uma manifesta\u00e7\u00e3o do Tribunal Regional Eleitoral do Cear\u00e1 (TRE-CE). O impasse ocorre ap\u00f3s as&hellip;<\/p>\n","protected":false},"author":1,"featured_media":41538,"comment_status":"open","ping_status":"open","sticky":false,"template":"","format":"standard","meta":{"footnotes":""},"categories":[1],"tags":[],"class_list":["post-41537","post","type-post","status-publish","format-standard","has-post-thumbnail","hentry","category-noticias"],"_links":{"self":[{"href":"https:\/\/blogdorogeriogomes.com.br\/noticias\/wp-json\/wp\/v2\/posts\/41537","targetHints":{"allow":["GET"]}}],"collection":[{"href":"https:\/\/blogdorogeriogomes.com.br\/noticias\/wp-json\/wp\/v2\/posts"}],"about":[{"href":"https:\/\/blogdorogeriogomes.com.br\/noticias\/wp-json\/wp\/v2\/types\/post"}],"author":[{"embeddable":true,"href":"https:\/\/blogdorogeriogomes.com.br\/noticias\/wp-json\/wp\/v2\/users\/1"}],"replies":[{"embeddable":true,"href":"https:\/\/blogdorogeriogomes.com.br\/noticias\/wp-json\/wp\/v2\/comments?post=41537"}],"version-history":[{"count":2,"href":"https:\/\/blogdorogeriogomes.com.br\/noticias\/wp-json\/wp\/v2\/posts\/41537\/revisions"}],"predecessor-version":[{"id":41540,"href":"https:\/\/blogdorogeriogomes.com.br\/noticias\/wp-json\/wp\/v2\/posts\/41537\/revisions\/41540"}],"wp:featuredmedia":[{"embeddable":true,"href":"https:\/\/blogdorogeriogomes.com.br\/noticias\/wp-json\/wp\/v2\/media\/41538"}],"wp:attachment":[{"href":"https:\/\/blogdorogeriogomes.com.br\/noticias\/wp-json\/wp\/v2\/media?parent=41537"}],"wp:term":[{"taxonomy":"category","embeddable":true,"href":"https:\/\/blogdorogeriogomes.com.br\/noticias\/wp-json\/wp\/v2\/categories?post=41537"},{"taxonomy":"post_tag","embeddable":true,"href":"https:\/\/blogdorogeriogomes.com.br\/noticias\/wp-json\/wp\/v2\/tags?post=41537"}],"curies":[{"name":"wp","href":"https:\/\/api.w.org\/{rel}","templated":true}]}}