{"id":41544,"date":"2026-07-29T13:30:58","date_gmt":"2026-07-29T13:30:58","guid":{"rendered":"https:\/\/blogdorogeriogomes.com.br\/noticias\/?p=41544"},"modified":"2026-07-29T13:31:01","modified_gmt":"2026-07-29T13:31:01","slug":"pesquisa-atlas-bloomberg-mostra-que-lula-amplia-aprovacao-pessoal-e-lidera-todos-os-cenarios-de-1o-e-2o-turnos-para-eleicoes-de-outubro","status":"publish","type":"post","link":"https:\/\/blogdorogeriogomes.com.br\/noticias\/2026\/07\/pesquisa-atlas-bloomberg-mostra-que-lula-amplia-aprovacao-pessoal-e-lidera-todos-os-cenarios-de-1o-e-2o-turnos-para-eleicoes-de-outubro\/","title":{"rendered":"Pesquisa Atlas\/Bloomberg mostra que Lula amplia aprova\u00e7\u00e3o pessoal e lidera todos os cen\u00e1rios de 1\u00ba e 2\u00ba turnos para elei\u00e7\u00f5es de outubro"},"content":{"rendered":"\n<p class=\"wp-block-paragraph\">O presidente Luiz In\u00e1cio Lula da Silva registrou melhora em sua aprova\u00e7\u00e3o pessoal e consolidou sua lideran\u00e7a isolada na disputa presidencial. Os dados constam na nova pesquisa AtlasIntel\/Bloomberg divulgada nesta quarta-feira, dia 29 de julho. O levantamento mostra o atual mandat\u00e1rio \u00e0 frente de todos os advers\u00e1rios testados nas simula\u00e7\u00f5es de primeiro e segundo turnos.<\/p>\n\n\n\n<p class=\"wp-block-paragraph\">A avalia\u00e7\u00e3o do desempenho pessoal do presidente Lula apresentou melhora em rela\u00e7\u00e3o ao m\u00eas anterior. De acordo com a AtlasIntel, os \u00edndices se moveram da seguinte forma:<\/p>\n\n\n\n<p class=\"wp-block-paragraph\">Aprova\u00e7\u00e3o pessoal: Subiu de 45,9% em junho para 47,6% em julho.<\/p>\n\n\n\n<p class=\"wp-block-paragraph\">Desaprova\u00e7\u00e3o pessoal: Recuou de 52,3% para 51,2%.<\/p>\n\n\n\n<p class=\"wp-block-paragraph\">N\u00e3o sabem: Totalizam 1,2%.<\/p>\n\n\n\n<p class=\"wp-block-paragraph\">Na avalia\u00e7\u00e3o qualitativa do governo geral, 37,9% dos entrevistados consideram a gest\u00e3o \u00f3tima ou boa, enquanto 12,7% a classificam como regular e 49,3% avaliam como ruim ou p\u00e9ssima. O principal reduto de apoio do petista continua na regi\u00e3o Nordeste, onde a aprova\u00e7\u00e3o chega a 67,2%.<\/p>\n\n\n\n<p class=\"wp-block-paragraph\">Lula aparece na lideran\u00e7a isolada nos dois cen\u00e1rios principais testados para o primeiro turno, abrindo uma dist\u00e2ncia superior a nove pontos percentuais sobre o segundo colocado, o senador Fl\u00e1vio Bolsonaro (PL).<\/p>\n\n\n\n<p class=\"wp-block-paragraph\">Cen\u00e1rio com 11 candidatos<\/p>\n\n\n\n<p class=\"wp-block-paragraph\">Lula (PT): 44,9%<\/p>\n\n\n\n<p class=\"wp-block-paragraph\">Fl\u00e1vio Bolsonaro (PL): 35,8%<\/p>\n\n\n\n<p class=\"wp-block-paragraph\">Renan Santos (Miss\u00e3o): 7,8%<\/p>\n\n\n\n<p class=\"wp-block-paragraph\">Ronaldo Caiado (PSD): 3,1%<\/p>\n\n\n\n<p class=\"wp-block-paragraph\">Romeu Zema (Novo): 2,8%<\/p>\n\n\n\n<p class=\"wp-block-paragraph\">Outros candidatos somados: 4,0%<\/p>\n\n\n\n<p class=\"wp-block-paragraph\">Brancos\/Nulos\/N\u00e3o sabem: 1,6%<\/p>\n\n\n\n<p class=\"wp-block-paragraph\"><\/p>\n\n\n\n<p class=\"wp-block-paragraph\">A pesquisa testou seis confrontos diretos envolvendo o atual presidente no segundo turno. Lula sai vitorioso em todas as frentes:<\/p>\n\n\n\n<p class=\"wp-block-paragraph\">Lula x Fl\u00e1vio Bolsonaro &#8211; 49,2% x 42,9%<\/p>\n\n\n\n<p class=\"wp-block-paragraph\">Lula x Jair Bolsonaro (ineleg\u00edvel) &#8211; 49,2% x 43,9%<\/p>\n\n\n\n<p class=\"wp-block-paragraph\">Lula x Michelle Bolsonaro &#8211; 48,8% x 42,5%<\/p>\n\n\n\n<p class=\"wp-block-paragraph\">Lula x Romeu Zema &#8211; 48,6% x 39,6%<\/p>\n\n\n\n<p class=\"wp-block-paragraph\">Lula x Ronaldo Caiado &#8211; 48,2% x 38,9%<\/p>\n\n\n\n<p class=\"wp-block-paragraph\">Lula x Renan Santos &#8211; 47,6% x 30,2%<\/p>\n\n\n\n<figure class=\"wp-block-image size-full\"><img loading=\"lazy\" decoding=\"async\" width=\"800\" height=\"704\" src=\"https:\/\/blogdorogeriogomes.com.br\/noticias\/wp-content\/uploads\/2026\/07\/image_processing20221001-835-1fh78wj.jpeg\" alt=\"\" class=\"wp-image-41545\" srcset=\"https:\/\/blogdorogeriogomes.com.br\/noticias\/wp-content\/uploads\/2026\/07\/image_processing20221001-835-1fh78wj.jpeg 800w, https:\/\/blogdorogeriogomes.com.br\/noticias\/wp-content\/uploads\/2026\/07\/image_processing20221001-835-1fh78wj-300x264.jpeg 300w, https:\/\/blogdorogeriogomes.com.br\/noticias\/wp-content\/uploads\/2026\/07\/image_processing20221001-835-1fh78wj-768x676.jpeg 768w\" sizes=\"auto, (max-width: 800px) 100vw, 800px\" \/><\/figure>\n\n\n\n<p class=\"wp-block-paragraph\"><\/p>\n","protected":false},"excerpt":{"rendered":"<p>O presidente Luiz In\u00e1cio Lula da Silva registrou melhora em sua aprova\u00e7\u00e3o pessoal e consolidou sua lideran\u00e7a isolada na disputa presidencial. Os dados constam na nova pesquisa AtlasIntel\/Bloomberg divulgada nesta quarta-feira, dia 29 de julho. O levantamento mostra o atual mandat\u00e1rio \u00e0 frente de todos os advers\u00e1rios testados nas simula\u00e7\u00f5es de primeiro e segundo turnos. A avalia\u00e7\u00e3o do desempenho pessoal do presidente Lula apresentou melhora em rela\u00e7\u00e3o ao m\u00eas anterior. De acordo com a AtlasIntel, os \u00edndices se moveram&hellip;<\/p>\n","protected":false},"author":1,"featured_media":41545,"comment_status":"open","ping_status":"open","sticky":false,"template":"","format":"standard","meta":{"footnotes":""},"categories":[1],"tags":[],"class_list":["post-41544","post","type-post","status-publish","format-standard","has-post-thumbnail","hentry","category-noticias"],"_links":{"self":[{"href":"https:\/\/blogdorogeriogomes.com.br\/noticias\/wp-json\/wp\/v2\/posts\/41544","targetHints":{"allow":["GET"]}}],"collection":[{"href":"https:\/\/blogdorogeriogomes.com.br\/noticias\/wp-json\/wp\/v2\/posts"}],"about":[{"href":"https:\/\/blogdorogeriogomes.com.br\/noticias\/wp-json\/wp\/v2\/types\/post"}],"author":[{"embeddable":true,"href":"https:\/\/blogdorogeriogomes.com.br\/noticias\/wp-json\/wp\/v2\/users\/1"}],"replies":[{"embeddable":true,"href":"https:\/\/blogdorogeriogomes.com.br\/noticias\/wp-json\/wp\/v2\/comments?post=41544"}],"version-history":[{"count":1,"href":"https:\/\/blogdorogeriogomes.com.br\/noticias\/wp-json\/wp\/v2\/posts\/41544\/revisions"}],"predecessor-version":[{"id":41546,"href":"https:\/\/blogdorogeriogomes.com.br\/noticias\/wp-json\/wp\/v2\/posts\/41544\/revisions\/41546"}],"wp:featuredmedia":[{"embeddable":true,"href":"https:\/\/blogdorogeriogomes.com.br\/noticias\/wp-json\/wp\/v2\/media\/41545"}],"wp:attachment":[{"href":"https:\/\/blogdorogeriogomes.com.br\/noticias\/wp-json\/wp\/v2\/media?parent=41544"}],"wp:term":[{"taxonomy":"category","embeddable":true,"href":"https:\/\/blogdorogeriogomes.com.br\/noticias\/wp-json\/wp\/v2\/categories?post=41544"},{"taxonomy":"post_tag","embeddable":true,"href":"https:\/\/blogdorogeriogomes.com.br\/noticias\/wp-json\/wp\/v2\/tags?post=41544"}],"curies":[{"name":"wp","href":"https:\/\/api.w.org\/{rel}","templated":true}]}}