{"id":41547,"date":"2026-07-29T13:56:21","date_gmt":"2026-07-29T13:56:21","guid":{"rendered":"https:\/\/blogdorogeriogomes.com.br\/noticias\/?p=41547"},"modified":"2026-07-29T13:56:31","modified_gmt":"2026-07-29T13:56:31","slug":"cobranca-de-alexandre-de-moraes-impoe-dilema-ao-cla-bolsonaro-o-pai-esta-entre-voltar-para-a-papudinha-ou-atribuir-um-crime-eleitoral-ao-filho-flavio","status":"publish","type":"post","link":"https:\/\/blogdorogeriogomes.com.br\/noticias\/2026\/07\/cobranca-de-alexandre-de-moraes-impoe-dilema-ao-cla-bolsonaro-o-pai-esta-entre-voltar-para-a-papudinha-ou-atribuir-um-crime-eleitoral-ao-filho-flavio\/","title":{"rendered":"Cobran\u00e7a de Alexandre de Moraes imp\u00f5e dilema ao Cl\u00e3 Bolsonaro: o pai est\u00e1 entre voltar para a Papudinha ou atribuir um crime eleitoral ao filho Fl\u00e1vio"},"content":{"rendered":"\n<p class=\"wp-block-paragraph\">O ministro do Supremo Tribunal Federal (STF), Alexandre de Moraes, determinou um prazo de 48 horas para que a defesa de Jair Bolsonaro esclare\u00e7a se o ex-presidente autorizou o uso de sua imagem e voz em um v\u00eddeo gerado por Intelig\u00eancia Artificial (IA). O material foi exibido na conven\u00e7\u00e3o nacional do PL que oficializou a candidatura de Fl\u00e1vio Bolsonaro \u00e0 Presid\u00eancia da Rep\u00fablica.<\/p>\n\n\n\n<p class=\"wp-block-paragraph\">A decis\u00e3o cria um beco sem sa\u00edda jur\u00eddico para a fam\u00edlia Bolsonaro: Se Jair Bolsonaro admitir a autoriza\u00e7\u00e3o, viola as medidas cautelares de sua pris\u00e3o domiciliar, o que pode resultar no retorno ao regime fechado. Se negar, livra-se da cadeia, mas exp\u00f5e Fl\u00e1vio Bolsonaro a um poss\u00edvel crime eleitoral por uso de <em>deepfake<\/em> (uso de conte\u00fado sint\u00e9tico digital), podendo tornar o senador ineleg\u00edvel.<\/p>\n\n\n\n<p class=\"wp-block-paragraph\">A Resolu\u00e7\u00e3o n\u00ba 23.610 do TSE veda o uso de tais tecnologias para favorecer candidatos. O epis\u00f3dio ocorre ap\u00f3s Moraes suspender visitas de Fl\u00e1vio a Jair, devido \u00e0 divulga\u00e7\u00e3o de uma carta escrita pelo ex-presidente. Partidos da oposi\u00e7\u00e3o j\u00e1 acionaram o TSE, com relatoria do ministro Kassio Nunes Marques. A defesa tem at\u00e9 o final da semana para se manifestar.<\/p>\n\n\n\n<figure class=\"wp-block-image size-full\"><img loading=\"lazy\" decoding=\"async\" width=\"888\" height=\"592\" src=\"https:\/\/blogdorogeriogomes.com.br\/noticias\/wp-content\/uploads\/2026\/07\/115757503-pol-sao-paulo-sp-25-07-2026-convencao-nacional-do-pl-partido-liberal-oficializa-a-ca.jpg\" alt=\"\" class=\"wp-image-41548\" srcset=\"https:\/\/blogdorogeriogomes.com.br\/noticias\/wp-content\/uploads\/2026\/07\/115757503-pol-sao-paulo-sp-25-07-2026-convencao-nacional-do-pl-partido-liberal-oficializa-a-ca.jpg 888w, https:\/\/blogdorogeriogomes.com.br\/noticias\/wp-content\/uploads\/2026\/07\/115757503-pol-sao-paulo-sp-25-07-2026-convencao-nacional-do-pl-partido-liberal-oficializa-a-ca-300x200.jpg 300w, https:\/\/blogdorogeriogomes.com.br\/noticias\/wp-content\/uploads\/2026\/07\/115757503-pol-sao-paulo-sp-25-07-2026-convencao-nacional-do-pl-partido-liberal-oficializa-a-ca-768x512.jpg 768w, https:\/\/blogdorogeriogomes.com.br\/noticias\/wp-content\/uploads\/2026\/07\/115757503-pol-sao-paulo-sp-25-07-2026-convencao-nacional-do-pl-partido-liberal-oficializa-a-ca-800x533.jpg 800w\" sizes=\"auto, (max-width: 888px) 100vw, 888px\" \/><\/figure>\n\n\n\n<p class=\"wp-block-paragraph\"><\/p>\n","protected":false},"excerpt":{"rendered":"<p>O ministro do Supremo Tribunal Federal (STF), Alexandre de Moraes, determinou um prazo de 48 horas para que a defesa de Jair Bolsonaro esclare\u00e7a se o ex-presidente autorizou o uso de sua imagem e voz em um v\u00eddeo gerado por Intelig\u00eancia Artificial (IA). O material foi exibido na conven\u00e7\u00e3o nacional do PL que oficializou a candidatura de Fl\u00e1vio Bolsonaro \u00e0 Presid\u00eancia da Rep\u00fablica. A decis\u00e3o cria um beco sem sa\u00edda jur\u00eddico para a fam\u00edlia Bolsonaro: Se Jair Bolsonaro admitir&hellip;<\/p>\n","protected":false},"author":1,"featured_media":41548,"comment_status":"open","ping_status":"open","sticky":false,"template":"","format":"standard","meta":{"footnotes":""},"categories":[1],"tags":[],"class_list":["post-41547","post","type-post","status-publish","format-standard","has-post-thumbnail","hentry","category-noticias"],"_links":{"self":[{"href":"https:\/\/blogdorogeriogomes.com.br\/noticias\/wp-json\/wp\/v2\/posts\/41547","targetHints":{"allow":["GET"]}}],"collection":[{"href":"https:\/\/blogdorogeriogomes.com.br\/noticias\/wp-json\/wp\/v2\/posts"}],"about":[{"href":"https:\/\/blogdorogeriogomes.com.br\/noticias\/wp-json\/wp\/v2\/types\/post"}],"author":[{"embeddable":true,"href":"https:\/\/blogdorogeriogomes.com.br\/noticias\/wp-json\/wp\/v2\/users\/1"}],"replies":[{"embeddable":true,"href":"https:\/\/blogdorogeriogomes.com.br\/noticias\/wp-json\/wp\/v2\/comments?post=41547"}],"version-history":[{"count":1,"href":"https:\/\/blogdorogeriogomes.com.br\/noticias\/wp-json\/wp\/v2\/posts\/41547\/revisions"}],"predecessor-version":[{"id":41549,"href":"https:\/\/blogdorogeriogomes.com.br\/noticias\/wp-json\/wp\/v2\/posts\/41547\/revisions\/41549"}],"wp:featuredmedia":[{"embeddable":true,"href":"https:\/\/blogdorogeriogomes.com.br\/noticias\/wp-json\/wp\/v2\/media\/41548"}],"wp:attachment":[{"href":"https:\/\/blogdorogeriogomes.com.br\/noticias\/wp-json\/wp\/v2\/media?parent=41547"}],"wp:term":[{"taxonomy":"category","embeddable":true,"href":"https:\/\/blogdorogeriogomes.com.br\/noticias\/wp-json\/wp\/v2\/categories?post=41547"},{"taxonomy":"post_tag","embeddable":true,"href":"https:\/\/blogdorogeriogomes.com.br\/noticias\/wp-json\/wp\/v2\/tags?post=41547"}],"curies":[{"name":"wp","href":"https:\/\/api.w.org\/{rel}","templated":true}]}}