{"id":41550,"date":"2026-07-30T10:59:53","date_gmt":"2026-07-30T10:59:53","guid":{"rendered":"https:\/\/blogdorogeriogomes.com.br\/noticias\/?p=41550"},"modified":"2026-07-30T11:06:56","modified_gmt":"2026-07-30T11:06:56","slug":"em-pesquisa-quaest-ciro-gomes-se-mantem-a-frente-de-elmano-de-freitas-na-corrida-ao-governo-do-ceara-cid-gomes-e-capitao-wagner-lideram-para-o-senado","status":"publish","type":"post","link":"https:\/\/blogdorogeriogomes.com.br\/noticias\/2026\/07\/em-pesquisa-quaest-ciro-gomes-se-mantem-a-frente-de-elmano-de-freitas-na-corrida-ao-governo-do-ceara-cid-gomes-e-capitao-wagner-lideram-para-o-senado\/","title":{"rendered":"Em pesquisa Quaest, Ciro Gomes se mant\u00e9m \u00e0 frente de Elmano de Freitas na corrida ao Governo do Cear\u00e1. Cid Gomes e Capit\u00e3o Wagner lideram para o Senado"},"content":{"rendered":"\n<p class=\"wp-block-paragraph\">A nova pesquisa Genial\/Quaest divulgada nesta quinta-feira, dia 30 de julho, mostra o ex-ministro Ciro Gomes (PSDB) na lideran\u00e7a da disputa pelo Governo do Cear\u00e1. Ciro supera o atual governador e candidato \u00e0 reelei\u00e7\u00e3o, Elmano de Freitas (PT), tanto nas inten\u00e7\u00f5es de voto do primeiro turno quanto em um eventual cen\u00e1rio de segundo turno. O levantamento, contratado pela Genial Investimentos, ouviu 1.002 eleitores presencialmente entre os dias 24 e 28 de julho. A margem de erro \u00e9 de tr\u00eas pontos percentuais para mais ou para menos, e o \u00edndice de confian\u00e7a \u00e9 de 95%.<\/p>\n\n\n\n<p class=\"wp-block-paragraph\">No cen\u00e1rio estimulado para o primeiro turno, Ciro Gomes aparece com uma vantagem de 10 pontos percentuais sobre o atual chefe do Executivo estadual. <\/p>\n\n\n\n<p class=\"wp-block-paragraph\">Ciro Gomes (PSDB): 43%<\/p>\n\n\n\n<p class=\"wp-block-paragraph\">Elmano de Freitas (PT): 33%<\/p>\n\n\n\n<p class=\"wp-block-paragraph\">Eduardo Gir\u00e3o (Novo): 3%<\/p>\n\n\n\n<p class=\"wp-block-paragraph\">Jarir Pereira (PSOL): 1%<\/p>\n\n\n\n<p class=\"wp-block-paragraph\">Huggo Leonardo (Miss\u00e3o), Serley Leal (UP) e Z\u00e9 Batista (PSTU) n\u00e3o pontuaram <\/p>\n\n\n\n<p class=\"wp-block-paragraph\">Indecisos: 13%<\/p>\n\n\n\n<p class=\"wp-block-paragraph\">Branco\/Nulo\/N\u00e3o vai votar: 7%<\/p>\n\n\n\n<p class=\"wp-block-paragraph\">Na pesquisa espont\u00e2nea, Ciro Gomes (PSDB) tem 15% das inten\u00e7\u00f5es de voto e Elmano de Freitas (PT) registra 13%.<\/p>\n\n\n\n<p class=\"wp-block-paragraph\">A Quaest tamb\u00e9m testou uma simula\u00e7\u00e3o direta de segundo turno entre os dois principais concorrentes.<\/p>\n\n\n\n<p class=\"wp-block-paragraph\">Ciro Gomes (PSDB): 48%<\/p>\n\n\n\n<p class=\"wp-block-paragraph\">Elmano de Freitas (PT): 35%<\/p>\n\n\n\n<p class=\"wp-block-paragraph\">Indecisos: 10%<\/p>\n\n\n\n<p class=\"wp-block-paragraph\">Branco\/Nulo\/N\u00e3o vai votar: 7%<\/p>\n\n\n\n<p class=\"wp-block-paragraph\">Na disputa pelo Senado, a Genial\/Quaest mediu as inten\u00e7\u00f5es de voto em tr\u00eas listas estimuladas diferentes, consolidando as duas escolhas dos entrevistados. O senador Cid Gomes (PSB), com 24%, e o ex-deputado Capit\u00e3o Wagner (Uni\u00e3o Brasil), com 16%, despontam nas primeiras posi\u00e7\u00f5es. Eun\u00edcio Oliveira (MDB) tem 10% e Luizianne Lins (Rede) 9%.<\/p>\n\n\n\n<figure class=\"wp-block-image size-full\"><img loading=\"lazy\" decoding=\"async\" width=\"660\" height=\"360\" src=\"https:\/\/blogdorogeriogomes.com.br\/noticias\/wp-content\/uploads\/2026\/07\/ciro-elmano-girao-660x360-1.webp\" alt=\"\" class=\"wp-image-41551\" srcset=\"https:\/\/blogdorogeriogomes.com.br\/noticias\/wp-content\/uploads\/2026\/07\/ciro-elmano-girao-660x360-1.webp 660w, https:\/\/blogdorogeriogomes.com.br\/noticias\/wp-content\/uploads\/2026\/07\/ciro-elmano-girao-660x360-1-300x164.webp 300w\" sizes=\"auto, (max-width: 660px) 100vw, 660px\" \/><\/figure>\n","protected":false},"excerpt":{"rendered":"<p>A nova pesquisa Genial\/Quaest divulgada nesta quinta-feira, dia 30 de julho, mostra o ex-ministro Ciro Gomes (PSDB) na lideran\u00e7a da disputa pelo Governo do Cear\u00e1. Ciro supera o atual governador e candidato \u00e0 reelei\u00e7\u00e3o, Elmano de Freitas (PT), tanto nas inten\u00e7\u00f5es de voto do primeiro turno quanto em um eventual cen\u00e1rio de segundo turno. O levantamento, contratado pela Genial Investimentos, ouviu 1.002 eleitores presencialmente entre os dias 24 e 28 de julho. A margem de erro \u00e9 de tr\u00eas&hellip;<\/p>\n","protected":false},"author":1,"featured_media":41551,"comment_status":"open","ping_status":"open","sticky":false,"template":"","format":"standard","meta":{"footnotes":""},"categories":[1],"tags":[],"class_list":["post-41550","post","type-post","status-publish","format-standard","has-post-thumbnail","hentry","category-noticias"],"_links":{"self":[{"href":"https:\/\/blogdorogeriogomes.com.br\/noticias\/wp-json\/wp\/v2\/posts\/41550","targetHints":{"allow":["GET"]}}],"collection":[{"href":"https:\/\/blogdorogeriogomes.com.br\/noticias\/wp-json\/wp\/v2\/posts"}],"about":[{"href":"https:\/\/blogdorogeriogomes.com.br\/noticias\/wp-json\/wp\/v2\/types\/post"}],"author":[{"embeddable":true,"href":"https:\/\/blogdorogeriogomes.com.br\/noticias\/wp-json\/wp\/v2\/users\/1"}],"replies":[{"embeddable":true,"href":"https:\/\/blogdorogeriogomes.com.br\/noticias\/wp-json\/wp\/v2\/comments?post=41550"}],"version-history":[{"count":2,"href":"https:\/\/blogdorogeriogomes.com.br\/noticias\/wp-json\/wp\/v2\/posts\/41550\/revisions"}],"predecessor-version":[{"id":41554,"href":"https:\/\/blogdorogeriogomes.com.br\/noticias\/wp-json\/wp\/v2\/posts\/41550\/revisions\/41554"}],"wp:featuredmedia":[{"embeddable":true,"href":"https:\/\/blogdorogeriogomes.com.br\/noticias\/wp-json\/wp\/v2\/media\/41551"}],"wp:attachment":[{"href":"https:\/\/blogdorogeriogomes.com.br\/noticias\/wp-json\/wp\/v2\/media?parent=41550"}],"wp:term":[{"taxonomy":"category","embeddable":true,"href":"https:\/\/blogdorogeriogomes.com.br\/noticias\/wp-json\/wp\/v2\/categories?post=41550"},{"taxonomy":"post_tag","embeddable":true,"href":"https:\/\/blogdorogeriogomes.com.br\/noticias\/wp-json\/wp\/v2\/tags?post=41550"}],"curies":[{"name":"wp","href":"https:\/\/api.w.org\/{rel}","templated":true}]}}