{"id":41555,"date":"2026-07-30T11:32:38","date_gmt":"2026-07-30T11:32:38","guid":{"rendered":"https:\/\/blogdorogeriogomes.com.br\/noticias\/?p=41555"},"modified":"2026-07-30T11:32:38","modified_gmt":"2026-07-30T11:32:38","slug":"lula-abre-mais-que-o-dobro-de-vantagem-sobre-flavio-bolsonaro-no-ceara-governo-elmano-de-freitas-alcanca-53-de-aprovacao-diz-quaest","status":"publish","type":"post","link":"https:\/\/blogdorogeriogomes.com.br\/noticias\/2026\/07\/lula-abre-mais-que-o-dobro-de-vantagem-sobre-flavio-bolsonaro-no-ceara-governo-elmano-de-freitas-alcanca-53-de-aprovacao-diz-quaest\/","title":{"rendered":"Lula abre mais que o dobro de vantagem sobre Fl\u00e1vio Bolsonaro no Cear\u00e1. Governo Elmano de Freitas alcan\u00e7a 53% de aprova\u00e7\u00e3o, diz Quaest"},"content":{"rendered":"\n<p class=\"wp-block-paragraph\">A nova rodada da pesquisa Genial\/Quaest divulgada em 30 de julho de 2026 consolidou a lideran\u00e7a isolada do presidente Luiz In\u00e1cio Lula da Silva na corrida presidencial dentro do estado do Cear\u00e1. No cen\u00e1rio estimulado de primeiro turno, o atual mandat\u00e1rio atingiu 55% das inten\u00e7\u00f5es de voto, superando com folga o dobro do registrado pelo senador Fl\u00e1vio Bolsonaro, que aparece na segunda coloca\u00e7\u00e3o com 22% da prefer\u00eancia dos eleitores cearenses.<\/p>\n\n\n\n<p class=\"wp-block-paragraph\">A pesquisa Quaest feita\u00a0tamb\u00e9m mediu aprova\u00e7\u00e3o do governo Elmano de Freitas (PT), que teve\u00a0teve uma pequena oscila\u00e7\u00e3o negativa entre abril e julho, dentro da margem de erro.<\/p>\n\n\n\n<p class=\"wp-block-paragraph\">Aprova: 53%<br>Desaprova: 33%<\/p>\n\n\n\n<p class=\"wp-block-paragraph\">O levantamento encomendado pelo Banco Genial entrevistou 1.002 pessoas entre os dias 24 e 28 de julho de 2026. A margem de erro \u00e9 de tr\u00eas pontos percentuais para mais ou para menos, apresentando um n\u00edvel de confian\u00e7a de 95%.<\/p>\n\n\n\n<figure class=\"wp-block-image size-full\"><img loading=\"lazy\" decoding=\"async\" width=\"694\" height=\"442\" src=\"https:\/\/blogdorogeriogomes.com.br\/noticias\/wp-content\/uploads\/2026\/07\/images-5.jpeg\" alt=\"\" class=\"wp-image-41556\" srcset=\"https:\/\/blogdorogeriogomes.com.br\/noticias\/wp-content\/uploads\/2026\/07\/images-5.jpeg 694w, https:\/\/blogdorogeriogomes.com.br\/noticias\/wp-content\/uploads\/2026\/07\/images-5-300x191.jpeg 300w\" sizes=\"auto, (max-width: 694px) 100vw, 694px\" \/><\/figure>\n","protected":false},"excerpt":{"rendered":"<p>A nova rodada da pesquisa Genial\/Quaest divulgada em 30 de julho de 2026 consolidou a lideran\u00e7a isolada do presidente Luiz In\u00e1cio Lula da Silva na corrida presidencial dentro do estado do Cear\u00e1. No cen\u00e1rio estimulado de primeiro turno, o atual mandat\u00e1rio atingiu 55% das inten\u00e7\u00f5es de voto, superando com folga o dobro do registrado pelo senador Fl\u00e1vio Bolsonaro, que aparece na segunda coloca\u00e7\u00e3o com 22% da prefer\u00eancia dos eleitores cearenses. A pesquisa Quaest feita\u00a0tamb\u00e9m mediu aprova\u00e7\u00e3o do governo Elmano&hellip;<\/p>\n","protected":false},"author":1,"featured_media":41556,"comment_status":"open","ping_status":"open","sticky":false,"template":"","format":"standard","meta":{"footnotes":""},"categories":[1],"tags":[],"class_list":["post-41555","post","type-post","status-publish","format-standard","has-post-thumbnail","hentry","category-noticias"],"_links":{"self":[{"href":"https:\/\/blogdorogeriogomes.com.br\/noticias\/wp-json\/wp\/v2\/posts\/41555","targetHints":{"allow":["GET"]}}],"collection":[{"href":"https:\/\/blogdorogeriogomes.com.br\/noticias\/wp-json\/wp\/v2\/posts"}],"about":[{"href":"https:\/\/blogdorogeriogomes.com.br\/noticias\/wp-json\/wp\/v2\/types\/post"}],"author":[{"embeddable":true,"href":"https:\/\/blogdorogeriogomes.com.br\/noticias\/wp-json\/wp\/v2\/users\/1"}],"replies":[{"embeddable":true,"href":"https:\/\/blogdorogeriogomes.com.br\/noticias\/wp-json\/wp\/v2\/comments?post=41555"}],"version-history":[{"count":1,"href":"https:\/\/blogdorogeriogomes.com.br\/noticias\/wp-json\/wp\/v2\/posts\/41555\/revisions"}],"predecessor-version":[{"id":41557,"href":"https:\/\/blogdorogeriogomes.com.br\/noticias\/wp-json\/wp\/v2\/posts\/41555\/revisions\/41557"}],"wp:featuredmedia":[{"embeddable":true,"href":"https:\/\/blogdorogeriogomes.com.br\/noticias\/wp-json\/wp\/v2\/media\/41556"}],"wp:attachment":[{"href":"https:\/\/blogdorogeriogomes.com.br\/noticias\/wp-json\/wp\/v2\/media?parent=41555"}],"wp:term":[{"taxonomy":"category","embeddable":true,"href":"https:\/\/blogdorogeriogomes.com.br\/noticias\/wp-json\/wp\/v2\/categories?post=41555"},{"taxonomy":"post_tag","embeddable":true,"href":"https:\/\/blogdorogeriogomes.com.br\/noticias\/wp-json\/wp\/v2\/tags?post=41555"}],"curies":[{"name":"wp","href":"https:\/\/api.w.org\/{rel}","templated":true}]}}