{"id":41558,"date":"2026-07-30T14:13:51","date_gmt":"2026-07-30T14:13:51","guid":{"rendered":"https:\/\/blogdorogeriogomes.com.br\/noticias\/?p=41558"},"modified":"2026-07-30T14:13:51","modified_gmt":"2026-07-30T14:13:51","slug":"defesa-de-jair-bolsonaro-joga-responsabilidade-por-video-de-ia-sobre-flavio-e-eleva-pressao-no-tse-para-que-puna-candidato-bolsonarista","status":"publish","type":"post","link":"https:\/\/blogdorogeriogomes.com.br\/noticias\/2026\/07\/defesa-de-jair-bolsonaro-joga-responsabilidade-por-video-de-ia-sobre-flavio-e-eleva-pressao-no-tse-para-que-puna-candidato-bolsonarista\/","title":{"rendered":"Defesa de Jair Bolsonaro joga responsabilidade por v\u00eddeo de IA sobre Fl\u00e1vio e eleva press\u00e3o no TSE para que puna candidato bolsonarista"},"content":{"rendered":"\n<p class=\"wp-block-paragraph\">A estrat\u00e9gia jur\u00eddica adotada pela defesa de Jair Bolsonaro para responder ao pol\u00eamico v\u00eddeo com Intelig\u00eancia Artificial (IA) exibido na conven\u00e7\u00e3o nacional do Partido Liberal (PL) isolou politicamente a campanha do senador Fl\u00e1vio Bolsonaro (PL-RJ). <\/p>\n\n\n\n<p class=\"wp-block-paragraph\">Ao protocolar uma manifesta\u00e7\u00e3o oficial perante o Supremo Tribunal Federal (STF), os advogados do ex-presidente negaram categoricamente que ele tenha autorizado o uso de sua imagem e voz clonadas por IA. A resposta blinda Jair Bolsonaro de um eventual pedido de regress\u00e3o de regime para a pris\u00e3o fechada, mas empurra toda a responsabilidade jur\u00eddica e o risco de cassa\u00e7\u00e3o para o &#8220;filho zero um&#8221; e para a c\u00fapula do PL.<\/p>\n\n\n\n<p class=\"wp-block-paragraph\">O epis\u00f3dio gerou uma onda de indigna\u00e7\u00e3o nos bastidores do Poder Judici\u00e1rio. Ministros do STF e do Tribunal Superior Eleitoral (TSE) iniciaram uma forte press\u00e3o interna sobre o ministro Kassio Nunes Marques, atual presidente do TSE e relator da a\u00e7\u00e3o movida pelo Partido dos Trabalhadores (PT). <\/p>\n\n\n\n<p class=\"wp-block-paragraph\">Magistrados cobram que Nunes Marques aplique rigorosamente as resolu\u00e7\u00f5es da Corte sobre o uso il\u00edcito de <em>deepfakes<\/em> em campanhas e aplique uma puni\u00e7\u00e3o exemplar ao candidato bolsonarista.<\/p>\n\n\n\n<figure class=\"wp-block-image size-large\"><img loading=\"lazy\" decoding=\"async\" width=\"1024\" height=\"768\" src=\"https:\/\/blogdorogeriogomes.com.br\/noticias\/wp-content\/uploads\/2026\/07\/bolsonaro-indicou-andre-mendonca-e-nunes-marques-para-o-stf-1639698192050_v2_4x3-1024x768.png\" alt=\"\" class=\"wp-image-41559\" srcset=\"https:\/\/blogdorogeriogomes.com.br\/noticias\/wp-content\/uploads\/2026\/07\/bolsonaro-indicou-andre-mendonca-e-nunes-marques-para-o-stf-1639698192050_v2_4x3-1024x768.png 1024w, https:\/\/blogdorogeriogomes.com.br\/noticias\/wp-content\/uploads\/2026\/07\/bolsonaro-indicou-andre-mendonca-e-nunes-marques-para-o-stf-1639698192050_v2_4x3-300x225.png 300w, https:\/\/blogdorogeriogomes.com.br\/noticias\/wp-content\/uploads\/2026\/07\/bolsonaro-indicou-andre-mendonca-e-nunes-marques-para-o-stf-1639698192050_v2_4x3-768x576.png 768w, https:\/\/blogdorogeriogomes.com.br\/noticias\/wp-content\/uploads\/2026\/07\/bolsonaro-indicou-andre-mendonca-e-nunes-marques-para-o-stf-1639698192050_v2_4x3-1536x1152.png 1536w, https:\/\/blogdorogeriogomes.com.br\/noticias\/wp-content\/uploads\/2026\/07\/bolsonaro-indicou-andre-mendonca-e-nunes-marques-para-o-stf-1639698192050_v2_4x3-800x600.png 800w, https:\/\/blogdorogeriogomes.com.br\/noticias\/wp-content\/uploads\/2026\/07\/bolsonaro-indicou-andre-mendonca-e-nunes-marques-para-o-stf-1639698192050_v2_4x3-400x300.png 400w, https:\/\/blogdorogeriogomes.com.br\/noticias\/wp-content\/uploads\/2026\/07\/bolsonaro-indicou-andre-mendonca-e-nunes-marques-para-o-stf-1639698192050_v2_4x3.png 1820w\" sizes=\"auto, (max-width: 1024px) 100vw, 1024px\" \/><\/figure>\n","protected":false},"excerpt":{"rendered":"<p>A estrat\u00e9gia jur\u00eddica adotada pela defesa de Jair Bolsonaro para responder ao pol\u00eamico v\u00eddeo com Intelig\u00eancia Artificial (IA) exibido na conven\u00e7\u00e3o nacional do Partido Liberal (PL) isolou politicamente a campanha do senador Fl\u00e1vio Bolsonaro (PL-RJ). Ao protocolar uma manifesta\u00e7\u00e3o oficial perante o Supremo Tribunal Federal (STF), os advogados do ex-presidente negaram categoricamente que ele tenha autorizado o uso de sua imagem e voz clonadas por IA. A resposta blinda Jair Bolsonaro de um eventual pedido de regress\u00e3o de regime&hellip;<\/p>\n","protected":false},"author":1,"featured_media":41559,"comment_status":"open","ping_status":"open","sticky":false,"template":"","format":"standard","meta":{"footnotes":""},"categories":[1],"tags":[],"class_list":["post-41558","post","type-post","status-publish","format-standard","has-post-thumbnail","hentry","category-noticias"],"_links":{"self":[{"href":"https:\/\/blogdorogeriogomes.com.br\/noticias\/wp-json\/wp\/v2\/posts\/41558","targetHints":{"allow":["GET"]}}],"collection":[{"href":"https:\/\/blogdorogeriogomes.com.br\/noticias\/wp-json\/wp\/v2\/posts"}],"about":[{"href":"https:\/\/blogdorogeriogomes.com.br\/noticias\/wp-json\/wp\/v2\/types\/post"}],"author":[{"embeddable":true,"href":"https:\/\/blogdorogeriogomes.com.br\/noticias\/wp-json\/wp\/v2\/users\/1"}],"replies":[{"embeddable":true,"href":"https:\/\/blogdorogeriogomes.com.br\/noticias\/wp-json\/wp\/v2\/comments?post=41558"}],"version-history":[{"count":1,"href":"https:\/\/blogdorogeriogomes.com.br\/noticias\/wp-json\/wp\/v2\/posts\/41558\/revisions"}],"predecessor-version":[{"id":41560,"href":"https:\/\/blogdorogeriogomes.com.br\/noticias\/wp-json\/wp\/v2\/posts\/41558\/revisions\/41560"}],"wp:featuredmedia":[{"embeddable":true,"href":"https:\/\/blogdorogeriogomes.com.br\/noticias\/wp-json\/wp\/v2\/media\/41559"}],"wp:attachment":[{"href":"https:\/\/blogdorogeriogomes.com.br\/noticias\/wp-json\/wp\/v2\/media?parent=41558"}],"wp:term":[{"taxonomy":"category","embeddable":true,"href":"https:\/\/blogdorogeriogomes.com.br\/noticias\/wp-json\/wp\/v2\/categories?post=41558"},{"taxonomy":"post_tag","embeddable":true,"href":"https:\/\/blogdorogeriogomes.com.br\/noticias\/wp-json\/wp\/v2\/tags?post=41558"}],"curies":[{"name":"wp","href":"https:\/\/api.w.org\/{rel}","templated":true}]}}