{"id":41561,"date":"2026-07-30T17:02:37","date_gmt":"2026-07-30T17:02:37","guid":{"rendered":"https:\/\/blogdorogeriogomes.com.br\/noticias\/?p=41561"},"modified":"2026-07-30T17:02:38","modified_gmt":"2026-07-30T17:02:38","slug":"tre-do-ceara-adia-julgamento-sobre-validade-de-convencao-da-federacao-uniao-progressista-que-apoia-ciro-gomes-assunto-deve-voltar-a-pauta-na-proxima-segunda-feira","status":"publish","type":"post","link":"https:\/\/blogdorogeriogomes.com.br\/noticias\/2026\/07\/tre-do-ceara-adia-julgamento-sobre-validade-de-convencao-da-federacao-uniao-progressista-que-apoia-ciro-gomes-assunto-deve-voltar-a-pauta-na-proxima-segunda-feira\/","title":{"rendered":"TRE do Cear\u00e1 adia julgamento sobre validade de conven\u00e7\u00e3o da Federa\u00e7\u00e3o Uni\u00e3o Progressista que apoia Ciro Gomes. Assunto deve voltar \u00e0 pauta na pr\u00f3xima segunda-feira"},"content":{"rendered":"\n<p class=\"wp-block-paragraph\">O Tribunal Regional Eleitoral do Cear\u00e1 (TRE-CE) decidiu adiar o julgamento da medida cautelar que visa anular a conven\u00e7\u00e3o da Federa\u00e7\u00e3o Uni\u00e3o Progressista. Por um placar apertado de 4 votos a 3, o colegiado acolheu uma quest\u00e3o de ordem para garantir que todos os representados sejam devidamente citados antes de uma delibera\u00e7\u00e3o do Pleno. A a\u00e7\u00e3o pode voltar a julgamento na pr\u00f3xima segunda-feira, dia 3 de agosto.<\/p>\n\n\n\n<p class=\"wp-block-paragraph\">Com o adiamento, as decis\u00f5es tomadas na conven\u00e7\u00e3o do \u00faltimo domingo, dia 26 de julho, seguem v\u00e1lidas temporariamente. O bloco homologou o apoio a Ciro Gomes (PSDB) ao governo, indicando Roberto Cl\u00e1udio (Uni\u00e3o) para vice e Capit\u00e3o Wagner (Uni\u00e3o) para o Senado.<\/p>\n\n\n\n<p class=\"wp-block-paragraph\">Apesar do recuo do tribunal em julgar o m\u00e9rito de forma imediata, o caso ganhou um posicionamento de peso nos bastidores jur\u00eddicos. O Minist\u00e9rio P\u00fablico Eleitoral (MPE), por meio do procurador regional eleitoral Celso Leal, posicionou-se a favor do resultado da conven\u00e7\u00e3o da federa\u00e7\u00e3o.<\/p>\n\n\n\n<p class=\"wp-block-paragraph\">Em seu parecer, o procurador argumentou que as federa\u00e7\u00f5es partid\u00e1rias possuem autonomia jur\u00eddica e funcionam como uma \u00fanica agremia\u00e7\u00e3o. Portanto, os posicionamentos isolados dos diret\u00f3rios estaduais de cada sigla n\u00e3o t\u00eam o poder de vincular ou anular as decis\u00f5es coletivas da federa\u00e7\u00e3o.<\/p>\n\n\n\n<p class=\"wp-block-paragraph\">O MPE apontou ainda a inadequa\u00e7\u00e3o da via processual eleita pelos partidos, sugerindo a extin\u00e7\u00e3o da a\u00e7\u00e3o sem julgamento de m\u00e9rito, uma vez que contesta\u00e7\u00f5es de atas devem ocorrer na fase de registro de candidaturas (DRAP).<\/p>\n\n\n\n<figure class=\"wp-block-image size-large\"><img loading=\"lazy\" decoding=\"async\" width=\"1024\" height=\"576\" src=\"https:\/\/blogdorogeriogomes.com.br\/noticias\/wp-content\/uploads\/2026\/07\/1_federacao_uniao_pp-41771858-1024x576.jpeg\" alt=\"\" class=\"wp-image-41562\" srcset=\"https:\/\/blogdorogeriogomes.com.br\/noticias\/wp-content\/uploads\/2026\/07\/1_federacao_uniao_pp-41771858-1024x576.jpeg 1024w, https:\/\/blogdorogeriogomes.com.br\/noticias\/wp-content\/uploads\/2026\/07\/1_federacao_uniao_pp-41771858-300x169.jpeg 300w, https:\/\/blogdorogeriogomes.com.br\/noticias\/wp-content\/uploads\/2026\/07\/1_federacao_uniao_pp-41771858-768x432.jpeg 768w, https:\/\/blogdorogeriogomes.com.br\/noticias\/wp-content\/uploads\/2026\/07\/1_federacao_uniao_pp-41771858-800x450.jpeg 800w, https:\/\/blogdorogeriogomes.com.br\/noticias\/wp-content\/uploads\/2026\/07\/1_federacao_uniao_pp-41771858.jpeg 1200w\" sizes=\"auto, (max-width: 1024px) 100vw, 1024px\" \/><\/figure>\n","protected":false},"excerpt":{"rendered":"<p>O Tribunal Regional Eleitoral do Cear\u00e1 (TRE-CE) decidiu adiar o julgamento da medida cautelar que visa anular a conven\u00e7\u00e3o da Federa\u00e7\u00e3o Uni\u00e3o Progressista. Por um placar apertado de 4 votos a 3, o colegiado acolheu uma quest\u00e3o de ordem para garantir que todos os representados sejam devidamente citados antes de uma delibera\u00e7\u00e3o do Pleno. A a\u00e7\u00e3o pode voltar a julgamento na pr\u00f3xima segunda-feira, dia 3 de agosto. Com o adiamento, as decis\u00f5es tomadas na conven\u00e7\u00e3o do \u00faltimo domingo, dia&hellip;<\/p>\n","protected":false},"author":1,"featured_media":41562,"comment_status":"open","ping_status":"open","sticky":false,"template":"","format":"standard","meta":{"footnotes":""},"categories":[1],"tags":[],"class_list":["post-41561","post","type-post","status-publish","format-standard","has-post-thumbnail","hentry","category-noticias"],"_links":{"self":[{"href":"https:\/\/blogdorogeriogomes.com.br\/noticias\/wp-json\/wp\/v2\/posts\/41561","targetHints":{"allow":["GET"]}}],"collection":[{"href":"https:\/\/blogdorogeriogomes.com.br\/noticias\/wp-json\/wp\/v2\/posts"}],"about":[{"href":"https:\/\/blogdorogeriogomes.com.br\/noticias\/wp-json\/wp\/v2\/types\/post"}],"author":[{"embeddable":true,"href":"https:\/\/blogdorogeriogomes.com.br\/noticias\/wp-json\/wp\/v2\/users\/1"}],"replies":[{"embeddable":true,"href":"https:\/\/blogdorogeriogomes.com.br\/noticias\/wp-json\/wp\/v2\/comments?post=41561"}],"version-history":[{"count":1,"href":"https:\/\/blogdorogeriogomes.com.br\/noticias\/wp-json\/wp\/v2\/posts\/41561\/revisions"}],"predecessor-version":[{"id":41563,"href":"https:\/\/blogdorogeriogomes.com.br\/noticias\/wp-json\/wp\/v2\/posts\/41561\/revisions\/41563"}],"wp:featuredmedia":[{"embeddable":true,"href":"https:\/\/blogdorogeriogomes.com.br\/noticias\/wp-json\/wp\/v2\/media\/41562"}],"wp:attachment":[{"href":"https:\/\/blogdorogeriogomes.com.br\/noticias\/wp-json\/wp\/v2\/media?parent=41561"}],"wp:term":[{"taxonomy":"category","embeddable":true,"href":"https:\/\/blogdorogeriogomes.com.br\/noticias\/wp-json\/wp\/v2\/categories?post=41561"},{"taxonomy":"post_tag","embeddable":true,"href":"https:\/\/blogdorogeriogomes.com.br\/noticias\/wp-json\/wp\/v2\/tags?post=41561"}],"curies":[{"name":"wp","href":"https:\/\/api.w.org\/{rel}","templated":true}]}}