{"id":41564,"date":"2026-07-30T18:15:11","date_gmt":"2026-07-30T18:15:11","guid":{"rendered":"https:\/\/blogdorogeriogomes.com.br\/noticias\/?p=41564"},"modified":"2026-07-30T18:15:11","modified_gmt":"2026-07-30T18:15:11","slug":"sest-senat-promove-feira-emprega-transporte-no-shopping-riomar-kennedy-com-oportunidades-em-diversos-segmentos","status":"publish","type":"post","link":"https:\/\/blogdorogeriogomes.com.br\/noticias\/2026\/07\/sest-senat-promove-feira-emprega-transporte-no-shopping-riomar-kennedy-com-oportunidades-em-diversos-segmentos\/","title":{"rendered":"Sest\/Senat promove Feira Emprega Transporte no Shopping RioMar Kennedy com oportunidades em diversos segmentos"},"content":{"rendered":"\n<p class=\"wp-block-paragraph\">Com o objetivo de aproximar empresas e profissionais em busca de novas oportunidades,<br>o SEST SENAT Fortaleza realiza, no pr\u00f3ximo dia 4 de agosto, a Feira Emprega Transporte, das 10 \u00e0s 18 horas, no Shopping RioMar Kennedy, em Fortaleza.<\/p>\n\n\n\n<p class=\"wp-block-paragraph\"><br>A iniciativa reunir\u00e1 empresas de diversos segmentos da economia, oferecendo<br>oportunidades de emprego para diferentes n\u00edveis de escolaridade e \u00e1reas de atua\u00e7\u00e3o.<br>Durante o evento, os candidatos poder\u00e3o entregar curr\u00edculos, participar de processos<br>seletivos e conversar diretamente com os recrutadores das empresas participantes.<\/p>\n\n\n\n<p class=\"wp-block-paragraph\"><br>A Feira Emprega Transporte integra as a\u00e7\u00f5es do Emprega Transporte, plataforma de<br>empregabilidade do SEST SENAT, que conecta empresas e profissionais, contribuindo<br>para ampliar as oportunidades de inser\u00e7\u00e3o e recoloca\u00e7\u00e3o no mercado de trabalho.<br>A expectativa \u00e9 receber centenas de candidatos ao longo do dia, fortalecendo a gera\u00e7\u00e3o<br>de emprego e renda e promovendo o desenvolvimento da comunidade.<\/p>\n\n\n\n<p class=\"wp-block-paragraph\"><br>A participa\u00e7\u00e3o \u00e9 gratuita e aberta ao p\u00fablico.<br>Como participar<br>Os candidatos interessados dever\u00e3o comparecer ao evento munidos de: curr\u00edculo vitae atualizado, documento oficial de identifica\u00e7\u00e3o com foto (RG, CNH ou documento<br>equivalente) e comprovante de realiza\u00e7\u00e3o do pr\u00e9-cadastro na Feira de Empregos.<\/p>\n\n\n\n<p class=\"wp-block-paragraph\"><br>O link para o pr\u00e9-cadastro est\u00e1 dispon\u00edvel no Instagram oficial do SEST SENAT Cear\u00e1<br>(@sestsenatceara), e sua realiza\u00e7\u00e3o antecipada contribuir\u00e1 para agilizar o atendimento<br>durante o evento.<\/p>\n\n\n\n<figure class=\"wp-block-image size-full\"><img loading=\"lazy\" decoding=\"async\" width=\"513\" height=\"385\" src=\"https:\/\/blogdorogeriogomes.com.br\/noticias\/wp-content\/uploads\/2026\/07\/WhatsApp-Image-2025-07-17-at-10.54.42-e1753102327554.jpeg\" alt=\"\" class=\"wp-image-41565\" srcset=\"https:\/\/blogdorogeriogomes.com.br\/noticias\/wp-content\/uploads\/2026\/07\/WhatsApp-Image-2025-07-17-at-10.54.42-e1753102327554.jpeg 513w, https:\/\/blogdorogeriogomes.com.br\/noticias\/wp-content\/uploads\/2026\/07\/WhatsApp-Image-2025-07-17-at-10.54.42-e1753102327554-300x225.jpeg 300w, https:\/\/blogdorogeriogomes.com.br\/noticias\/wp-content\/uploads\/2026\/07\/WhatsApp-Image-2025-07-17-at-10.54.42-e1753102327554-400x300.jpeg 400w\" sizes=\"auto, (max-width: 513px) 100vw, 513px\" \/><\/figure>\n","protected":false},"excerpt":{"rendered":"<p>Com o objetivo de aproximar empresas e profissionais em busca de novas oportunidades,o SEST SENAT Fortaleza realiza, no pr\u00f3ximo dia 4 de agosto, a Feira Emprega Transporte, das 10 \u00e0s 18 horas, no Shopping RioMar Kennedy, em Fortaleza. A iniciativa reunir\u00e1 empresas de diversos segmentos da economia, oferecendooportunidades de emprego para diferentes n\u00edveis de escolaridade e \u00e1reas de atua\u00e7\u00e3o.Durante o evento, os candidatos poder\u00e3o entregar curr\u00edculos, participar de processosseletivos e conversar diretamente com os recrutadores das empresas participantes. A&hellip;<\/p>\n","protected":false},"author":1,"featured_media":41565,"comment_status":"open","ping_status":"open","sticky":false,"template":"","format":"standard","meta":{"footnotes":""},"categories":[1],"tags":[],"class_list":["post-41564","post","type-post","status-publish","format-standard","has-post-thumbnail","hentry","category-noticias"],"_links":{"self":[{"href":"https:\/\/blogdorogeriogomes.com.br\/noticias\/wp-json\/wp\/v2\/posts\/41564","targetHints":{"allow":["GET"]}}],"collection":[{"href":"https:\/\/blogdorogeriogomes.com.br\/noticias\/wp-json\/wp\/v2\/posts"}],"about":[{"href":"https:\/\/blogdorogeriogomes.com.br\/noticias\/wp-json\/wp\/v2\/types\/post"}],"author":[{"embeddable":true,"href":"https:\/\/blogdorogeriogomes.com.br\/noticias\/wp-json\/wp\/v2\/users\/1"}],"replies":[{"embeddable":true,"href":"https:\/\/blogdorogeriogomes.com.br\/noticias\/wp-json\/wp\/v2\/comments?post=41564"}],"version-history":[{"count":1,"href":"https:\/\/blogdorogeriogomes.com.br\/noticias\/wp-json\/wp\/v2\/posts\/41564\/revisions"}],"predecessor-version":[{"id":41566,"href":"https:\/\/blogdorogeriogomes.com.br\/noticias\/wp-json\/wp\/v2\/posts\/41564\/revisions\/41566"}],"wp:featuredmedia":[{"embeddable":true,"href":"https:\/\/blogdorogeriogomes.com.br\/noticias\/wp-json\/wp\/v2\/media\/41565"}],"wp:attachment":[{"href":"https:\/\/blogdorogeriogomes.com.br\/noticias\/wp-json\/wp\/v2\/media?parent=41564"}],"wp:term":[{"taxonomy":"category","embeddable":true,"href":"https:\/\/blogdorogeriogomes.com.br\/noticias\/wp-json\/wp\/v2\/categories?post=41564"},{"taxonomy":"post_tag","embeddable":true,"href":"https:\/\/blogdorogeriogomes.com.br\/noticias\/wp-json\/wp\/v2\/tags?post=41564"}],"curies":[{"name":"wp","href":"https:\/\/api.w.org\/{rel}","templated":true}]}}